{"id":40034,"date":"2024-01-03T20:16:20","date_gmt":"2024-01-04T01:16:20","guid":{"rendered":"https:\/\/contraluzcucuta.co\/?p=40034"},"modified":"2024-01-03T20:16:20","modified_gmt":"2024-01-04T01:16:20","slug":"opinion-nuevo-ano-nuevo-gobierno","status":"publish","type":"post","link":"https:\/\/contraluzcucuta.co\/?p=40034","title":{"rendered":"OPINI\u00d3N. Nuevo a\u00f1o, nuevo gobierno"},"content":{"rendered":"<p style=\"padding-left: 40px; text-align: right;\"><strong><span style=\"color: #ff9900;\">C\u00daCUTA.- El 2023, fue un a\u00f1o significativo para la historia contempor\u00e1nea de Colombia por la polarizaci\u00f3n del panorama pol\u00edtico tras las elecciones territoriales en las cuales triunf\u00f3, sin lugar a dudas, la oposici\u00f3n y consolidarse como una piedra en el zapato para el Gobierno, que qued\u00f3 sin aliados en Bucaramanga, Medell\u00edn y Barranquilla (abiertamente en oposici\u00f3n), y Bogot\u00e1 y Cartagena (independientes).<\/span><\/strong><\/p>\n<p>Esta contundente derrota obstaculizar\u00e1 el desarrollo de los proyectos locales, propuestos en el Plan del Gobierno del Cambio, que alegaba por el deseo por la inclusi\u00f3n de Colombia Humana. Sin embargo, decidi\u00f3 llevar a cabo reuniones con gobernadores alineados y no alineados, en una muestra de la segregaci\u00f3n ideol\u00f3gica que marca al pa\u00eds.<\/p>\n<p>La hist\u00f3rica desaprobaci\u00f3n de Gustavo Petro, con 66 %, seg\u00fan Datexco, est\u00e1 justificada en el alza de la canasta familiar, inflaci\u00f3n, gasolina, servicios p\u00fablicos y encarecimiento del costo de vida para los colombianos. A pesar de tener la mayor fuerza pol\u00edtica en el Congreso de la Rep\u00fablica, esto no ha sido suficiente para que pueda materializarse el Plan de Gobierno.<\/p>\n<p>Ahora bien, con una bancada regional mayoritariamente opositora e independiente ser\u00e1 interesante monitorear la evoluci\u00f3n de la gobernanza en Colombia, como nuevo fen\u00f3meno pol\u00edtico en un gobierno de ideolog\u00edas mixtas.<\/p>\n<p><strong><em>Gabriela Velandia Almeida<\/em><\/strong><\/p>\n<p>&nbsp;<\/p>\n","protected":false},"excerpt":{"rendered":"<p>C\u00daCUTA.- El 2023, fue un a\u00f1o significativo para la historia contempor\u00e1nea de Colombia por la polarizaci\u00f3n del panorama pol\u00edtico tras las elecciones territoriales en las cuales triunf\u00f3, sin lugar a dudas, la oposici\u00f3n y consolidarse como una piedra en el zapato para el Gobierno, que qued\u00f3 sin aliados en Bucaramanga, Medell\u00edn y Barranquilla (abiertamente en &hellip;<\/p>\n","protected":false},"author":1,"featured_media":40035,"comment_status":"open","ping_status":"open","sticky":false,"template":"","format":"standard","meta":{"footnotes":""},"categories":[14,4],"tags":[4012,2749,5931],"class_list":["post-40034","post","type-post","status-publish","format-standard","has-post-thumbnail","hentry","category-articulistas","category-barra","tag-actualidad-politica","tag-articulistas-contraluz","tag-gabriela-velandia"],"_links":{"self":[{"href":"https:\/\/contraluzcucuta.co\/index.php?rest_route=\/wp\/v2\/posts\/40034","targetHints":{"allow":["GET"]}}],"collection":[{"href":"https:\/\/contraluzcucuta.co\/index.php?rest_route=\/wp\/v2\/posts"}],"about":[{"href":"https:\/\/contraluzcucuta.co\/index.php?rest_route=\/wp\/v2\/types\/post"}],"author":[{"embeddable":true,"href":"https:\/\/contraluzcucuta.co\/index.php?rest_route=\/wp\/v2\/users\/1"}],"replies":[{"embeddable":true,"href":"https:\/\/contraluzcucuta.co\/index.php?rest_route=%2Fwp%2Fv2%2Fcomments&post=40034"}],"version-history":[{"count":1,"href":"https:\/\/contraluzcucuta.co\/index.php?rest_route=\/wp\/v2\/posts\/40034\/revisions"}],"predecessor-version":[{"id":40036,"href":"https:\/\/contraluzcucuta.co\/index.php?rest_route=\/wp\/v2\/posts\/40034\/revisions\/40036"}],"wp:featuredmedia":[{"embeddable":true,"href":"https:\/\/contraluzcucuta.co\/index.php?rest_route=\/wp\/v2\/media\/40035"}],"wp:attachment":[{"href":"https:\/\/contraluzcucuta.co\/index.php?rest_route=%2Fwp%2Fv2%2Fmedia&parent=40034"}],"wp:term":[{"taxonomy":"category","embeddable":true,"href":"https:\/\/contraluzcucuta.co\/index.php?rest_route=%2Fwp%2Fv2%2Fcategories&post=40034"},{"taxonomy":"post_tag","embeddable":true,"href":"https:\/\/contraluzcucuta.co\/index.php?rest_route=%2Fwp%2Fv2%2Ftags&post=40034"}],"curies":[{"name":"wp","href":"https:\/\/api.w.org\/{rel}","templated":true}]}}