{"id":40029,"date":"2024-01-03T19:52:57","date_gmt":"2024-01-04T00:52:57","guid":{"rendered":"https:\/\/contraluzcucuta.co\/?p=40029"},"modified":"2024-01-03T19:52:57","modified_gmt":"2024-01-04T00:52:57","slug":"cucutenos-por-el-mundo-mi-trayecto-empezo-en-bogota-y-termino-en-madrid","status":"publish","type":"post","link":"https:\/\/contraluzcucuta.co\/?p=40029","title":{"rendered":"CUCUTE\u00d1OS POR EL MUNDO. Mi trayecto empez\u00f3 en Bogot\u00e1 y termin\u00f3 en Madrid"},"content":{"rendered":"<p style=\"padding-left: 40px; text-align: right;\"><strong><span style=\"color: #ff9900;\">C\u00daCUTA.- Conocer, explorar y admirar nuevas culturas, aprender sus costumbres y sus creencias y entender la vida fueron las razones que impulsaron a Camilo Andr\u00e9s Caballero a echar la ropa necesaria en la maleta y partir hacia lo desconocido. Par\u00eds, \u00c1msterdam, Venecia, Viena, Estambul, Roma y Madrid recibieron a este cucute\u00f1o viajero.<\/span><\/strong><\/p>\n<p><a href=\"https:\/\/contraluzcucuta.co\/wp-content\/uploads\/2024\/01\/CAMILO-CABALLERO-4.jpeg\"><img loading=\"lazy\" decoding=\"async\" class=\"alignnone size-medium wp-image-40031 alignleft\" src=\"https:\/\/contraluzcucuta.co\/wp-content\/uploads\/2024\/01\/CAMILO-CABALLERO-4-242x300.jpeg\" alt=\"\" width=\"242\" height=\"300\" srcset=\"https:\/\/contraluzcucuta.co\/wp-content\/uploads\/2024\/01\/CAMILO-CABALLERO-4-242x300.jpeg 242w, https:\/\/contraluzcucuta.co\/wp-content\/uploads\/2024\/01\/CAMILO-CABALLERO-4-600x744.jpeg 600w, https:\/\/contraluzcucuta.co\/wp-content\/uploads\/2024\/01\/CAMILO-CABALLERO-4-826x1024.jpeg 826w, https:\/\/contraluzcucuta.co\/wp-content\/uploads\/2024\/01\/CAMILO-CABALLERO-4-768x952.jpeg 768w, https:\/\/contraluzcucuta.co\/wp-content\/uploads\/2024\/01\/CAMILO-CABALLERO-4.jpeg 1080w\" sizes=\"auto, (max-width: 242px) 100vw, 242px\" \/><\/a><\/p>\n<p>En esas grandes ciudades identific\u00f3 y apreci\u00f3 la arquitectura, la empat\u00eda hacia los dem\u00e1s y el aprecio sin importar la nacionalidad. La variedad de climas, la gente, las costumbres, el acervo cultural, las tradiciones, la gastronom\u00eda, los paisajes lo impresionaron y le agradaron en el paso por el continente europeo<\/p>\n<p><strong>\u00bfCu\u00e1l es la diferencia con C\u00facuta? <\/strong><\/p>\n<ul>\n<li><em>El orden en cada ciudadano, la seguridad, no se siente miedo al andar por la calle en la noche, la cultura. En ciertos pa\u00edses de Europa las leyes s\u00ed se cumplen. <\/em><\/li>\n<\/ul>\n<p>Si pudiera implementar ac\u00e1 algo de lo visto en esos pa\u00edses, Camilo se traer\u00eda la manera de actuar de la gente para vivir en un ambiente sin malicia, el modernismo de las m\u00e1quinas que ayudan en las tareas b\u00e1sicas y el buen trato entre los ciudadanos.<\/p>\n<p>La nacionalidad colombiana le acarre\u00f3 ciertas incomodidades. Los europeos se preocupan m\u00e1s por saber de la coca\u00edna y de Pablo Escobar que por conocer las maravillas que tiene este pa\u00eds. Entre chistes de mal gusto algunos austr\u00edacos preguntaron por la droga y por el extinto capo. Es f\u00e1cil darse cuenta de que la sociedad lo observa y lo tacha de narcotraficante.<\/p>\n<p><a href=\"https:\/\/contraluzcucuta.co\/wp-content\/uploads\/2024\/01\/CAMILO-CABALLERO-8.jpeg\"><img loading=\"lazy\" decoding=\"async\" class=\"alignnone size-medium wp-image-40032 alignleft\" src=\"https:\/\/contraluzcucuta.co\/wp-content\/uploads\/2024\/01\/CAMILO-CABALLERO-8-237x300.jpeg\" alt=\"\" width=\"237\" height=\"300\" srcset=\"https:\/\/contraluzcucuta.co\/wp-content\/uploads\/2024\/01\/CAMILO-CABALLERO-8-237x300.jpeg 237w, https:\/\/contraluzcucuta.co\/wp-content\/uploads\/2024\/01\/CAMILO-CABALLERO-8-600x759.jpeg 600w, https:\/\/contraluzcucuta.co\/wp-content\/uploads\/2024\/01\/CAMILO-CABALLERO-8-809x1024.jpeg 809w, https:\/\/contraluzcucuta.co\/wp-content\/uploads\/2024\/01\/CAMILO-CABALLERO-8-768x972.jpeg 768w, https:\/\/contraluzcucuta.co\/wp-content\/uploads\/2024\/01\/CAMILO-CABALLERO-8.jpeg 1069w\" sizes=\"auto, (max-width: 237px) 100vw, 237px\" \/><\/a><\/p>\n<p>En la mayor parte del trayecto no encontr\u00f3 tropiezos al comunicarse. Los conocimientos del ingl\u00e9s lo salvaron en la mayor\u00eda de pa\u00edses de la Uni\u00f3n Europea. En otras circunstancias, por medio de se\u00f1as con las manos logr\u00f3 hacerse entender.<\/p>\n<ul>\n<li><em>Un caso particular me sucedi\u00f3 en \u00c1msterdam. Sufr\u00ed un poco de racismo. La gente no toleraba que les hablara en otro idioma que no fuera su lengua natal.<\/em><\/li>\n<\/ul>\n<p>El observar la Torre Eiffel de cerca, retratarla en la mente y verla de frente fue el hecho que lo deslumbr\u00f3. Las im\u00e1genes que ten\u00eda tomadas de las pel\u00edculas, de fotos o de las redes sociales quedaron anuladas por la realidad. Entre los gratos momentos, adem\u00e1s, guarda el haber conseguido trabajo como conductor y manejar por las calles de Viena (Austria).<\/p>\n<p>Pero, tambi\u00e9n, hay momentos duros que se viven en una traves\u00eda. Pasar del clima c\u00e1lido de C\u00facuta al invierno le result\u00f3 dif\u00edcil. Para afrontar esa temporada de fr\u00edo intenso usaba dos pantalones, dos camisas, un saco y un buso.<\/p>\n<p><strong>\u00bfLe agradar\u00eda regresar? <\/strong><\/p>\n<ul>\n<li><em>Claro que regresar\u00eda. Salir de Colombia a conocer otros lugares nos permite tener una perspectiva de que la vida es bella. Dejar el miedo atr\u00e1s y sentir esa sensaci\u00f3n de independencia permite tener mayor conciencia de lo que somos y queremos ser.<\/em><\/li>\n<\/ul>\n","protected":false},"excerpt":{"rendered":"<p>C\u00daCUTA.- Conocer, explorar y admirar nuevas culturas, aprender sus costumbres y sus creencias y entender la vida fueron las razones que impulsaron a Camilo Andr\u00e9s Caballero a echar la ropa necesaria en la maleta y partir hacia lo desconocido. Par\u00eds, \u00c1msterdam, Venecia, Viena, Estambul, Roma y Madrid recibieron a este cucute\u00f1o viajero. En esas grandes &hellip;<\/p>\n","protected":false},"author":1,"featured_media":40030,"comment_status":"open","ping_status":"open","sticky":false,"template":"","format":"standard","meta":{"footnotes":""},"categories":[45,4],"tags":[5929,5930,2324,2021],"class_list":["post-40029","post","type-post","status-publish","format-standard","has-post-thumbnail","hentry","category-destacado","category-barra","tag-camilo-andres-caballero","tag-cucutenos-en-el-exterior","tag-cucutenos-en-el-mundo","tag-cucutenos-por-el-mundo"],"_links":{"self":[{"href":"https:\/\/contraluzcucuta.co\/index.php?rest_route=\/wp\/v2\/posts\/40029","targetHints":{"allow":["GET"]}}],"collection":[{"href":"https:\/\/contraluzcucuta.co\/index.php?rest_route=\/wp\/v2\/posts"}],"about":[{"href":"https:\/\/contraluzcucuta.co\/index.php?rest_route=\/wp\/v2\/types\/post"}],"author":[{"embeddable":true,"href":"https:\/\/contraluzcucuta.co\/index.php?rest_route=\/wp\/v2\/users\/1"}],"replies":[{"embeddable":true,"href":"https:\/\/contraluzcucuta.co\/index.php?rest_route=%2Fwp%2Fv2%2Fcomments&post=40029"}],"version-history":[{"count":1,"href":"https:\/\/contraluzcucuta.co\/index.php?rest_route=\/wp\/v2\/posts\/40029\/revisions"}],"predecessor-version":[{"id":40033,"href":"https:\/\/contraluzcucuta.co\/index.php?rest_route=\/wp\/v2\/posts\/40029\/revisions\/40033"}],"wp:featuredmedia":[{"embeddable":true,"href":"https:\/\/contraluzcucuta.co\/index.php?rest_route=\/wp\/v2\/media\/40030"}],"wp:attachment":[{"href":"https:\/\/contraluzcucuta.co\/index.php?rest_route=%2Fwp%2Fv2%2Fmedia&parent=40029"}],"wp:term":[{"taxonomy":"category","embeddable":true,"href":"https:\/\/contraluzcucuta.co\/index.php?rest_route=%2Fwp%2Fv2%2Fcategories&post=40029"},{"taxonomy":"post_tag","embeddable":true,"href":"https:\/\/contraluzcucuta.co\/index.php?rest_route=%2Fwp%2Fv2%2Ftags&post=40029"}],"curies":[{"name":"wp","href":"https:\/\/api.w.org\/{rel}","templated":true}]}}