{"id":40020,"date":"2024-01-02T20:12:52","date_gmt":"2024-01-03T01:12:52","guid":{"rendered":"https:\/\/contraluzcucuta.co\/?p=40020"},"modified":"2024-01-02T20:12:52","modified_gmt":"2024-01-03T01:12:52","slug":"conversaciones-de-entre-casa-lesly-cugduser-no-olvida-sus-raices-ni-sus-ancestros","status":"publish","type":"post","link":"https:\/\/contraluzcucuta.co\/?p=40020","title":{"rendered":"CONVERSACIONES DE ENTRE CASA. Lesly Cugduser no olvida sus ra\u00edces ni sus ancestros"},"content":{"rendered":"<p style=\"padding-left: 40px; text-align: right;\"><strong><span style=\"color: #ff9900;\">C\u00daCUTA.- Un d\u00eda, hace m\u00e1s de una d\u00e9cada, Lesly Cugduser dej\u00f3 la vida en la comunidad Karikachaboquira, en El Catatumbo. Hoy, sin olvidar sus ra\u00edces y sus ancestros, vive en la ciudad. Estudia en el colegio Nuestra Se\u00f1ora de Bel\u00e9n y adquiere conocimientos, porque en el futuro quiere ser m\u00e9dico para ayudar a los suyos y a los blancos.<\/span><\/strong><\/p>\n<p><a href=\"https:\/\/contraluzcucuta.co\/wp-content\/uploads\/2024\/01\/LESLY-CUGDUSER-8.jpeg\"><img loading=\"lazy\" decoding=\"async\" class=\"alignnone size-medium wp-image-40022 alignleft\" src=\"https:\/\/contraluzcucuta.co\/wp-content\/uploads\/2024\/01\/LESLY-CUGDUSER-8-300x225.jpeg\" alt=\"\" width=\"300\" height=\"225\" srcset=\"https:\/\/contraluzcucuta.co\/wp-content\/uploads\/2024\/01\/LESLY-CUGDUSER-8-300x225.jpeg 300w, https:\/\/contraluzcucuta.co\/wp-content\/uploads\/2024\/01\/LESLY-CUGDUSER-8-600x450.jpeg 600w, https:\/\/contraluzcucuta.co\/wp-content\/uploads\/2024\/01\/LESLY-CUGDUSER-8-1024x768.jpeg 1024w, https:\/\/contraluzcucuta.co\/wp-content\/uploads\/2024\/01\/LESLY-CUGDUSER-8-768x576.jpeg 768w, https:\/\/contraluzcucuta.co\/wp-content\/uploads\/2024\/01\/LESLY-CUGDUSER-8-1536x1152.jpeg 1536w, https:\/\/contraluzcucuta.co\/wp-content\/uploads\/2024\/01\/LESLY-CUGDUSER-8.jpeg 1600w\" sizes=\"auto, (max-width: 300px) 100vw, 300px\" \/><\/a><\/p>\n<p>La madre tom\u00f3 la decisi\u00f3n de trasladarse a C\u00facuta en procura de ofrecerle la posibilidad de ir a la escuela y luego al colegio. El objetivo es que salga adelante y ese sue\u00f1o se cumplir\u00e1 cuando alguna universidad le abra las puertas y le permita graduarse en medicina.<\/p>\n<ul>\n<li><em>La comunidad es muy bonita. Grande. Hay bastantes ni\u00f1os, j\u00f3venes adultos y abuelos.<\/em><\/li>\n<\/ul>\n<p>Ese es el recuerdo que conserva, a pesar del curso de los a\u00f1os. All\u00e1, en la aldea, dej\u00f3 al abuelo. Ac\u00e1, es consciente de la decisi\u00f3n tomada para salir en busca del porvenir que ofrece la civilizaci\u00f3n. Viste a la usanza de las muchachas citadinas, con blusa negra y bluy\u00edn. Los atuendos coloridos de la comunidad solo est\u00e1n en la memoria.<\/p>\n<ul>\n<li><em>Se visten con una faldita cortica, que es de tela que uno mismo la hace y se cubren el pecho. Los hombres tambi\u00e9n son diferentes. <\/em><\/li>\n<\/ul>\n<p>Lleva a\u00f1os que no visita a los bar\u00ed, aunque los extra\u00f1a. Refresca el pasado con las im\u00e1genes que se pasean por la mente. Se retrotrae y ve el paisaje verde del monte. Lo compara con el ambiente cucute\u00f1o y marca la diferencia. \u201cAqu\u00ed hay luz\u201d. De la primera impresi\u00f3n que le caus\u00f3 el contacto con la ciudad dice que se sinti\u00f3 rara, porque nunca hab\u00eda estado en un lugar distinto a la comunidad.<\/p>\n<p><a href=\"https:\/\/contraluzcucuta.co\/wp-content\/uploads\/2024\/01\/LESLY-CUGDUSER-1.jpeg\"><img loading=\"lazy\" decoding=\"async\" class=\"alignnone size-medium wp-image-40023 alignleft\" src=\"https:\/\/contraluzcucuta.co\/wp-content\/uploads\/2024\/01\/LESLY-CUGDUSER-1-300x225.jpeg\" alt=\"\" width=\"300\" height=\"225\" srcset=\"https:\/\/contraluzcucuta.co\/wp-content\/uploads\/2024\/01\/LESLY-CUGDUSER-1-300x225.jpeg 300w, https:\/\/contraluzcucuta.co\/wp-content\/uploads\/2024\/01\/LESLY-CUGDUSER-1-600x450.jpeg 600w, https:\/\/contraluzcucuta.co\/wp-content\/uploads\/2024\/01\/LESLY-CUGDUSER-1-1024x768.jpeg 1024w, https:\/\/contraluzcucuta.co\/wp-content\/uploads\/2024\/01\/LESLY-CUGDUSER-1-768x576.jpeg 768w, https:\/\/contraluzcucuta.co\/wp-content\/uploads\/2024\/01\/LESLY-CUGDUSER-1-1536x1152.jpeg 1536w, https:\/\/contraluzcucuta.co\/wp-content\/uploads\/2024\/01\/LESLY-CUGDUSER-1.jpeg 1600w\" sizes=\"auto, (max-width: 300px) 100vw, 300px\" \/><\/a><\/p>\n<p>Los amigos y \u2018paisanos\u2019 le preguntan c\u00f3mo le va en el estudio y le dicen que quisieran venir para tener la posibilidad de estudiar, pero no tienen la oportunidad de salir, ni d\u00f3nde quedarse, ni qui\u00e9n los ayude a cumplir ese sue\u00f1o.<\/p>\n<p>El pertenecer a la etnia motil\u00f3n no le ha causado inconvenientes en el colegio ni en la calle. Habla espa\u00f1ol, porque la madre la ense\u00f1\u00f3 desde ni\u00f1a; tambi\u00e9n lo escribe y no se le dificulta. A los compa\u00f1eros de clase que la miran diferente les tiene la respuesta certera:<\/p>\n<ul>\n<li><em>No le doy importancia a eso, porque ellos no son los que me van a ense\u00f1ar. <\/em><\/li>\n<\/ul>\n<p>Al graduarse como m\u00e9dico se especializar\u00e1 como cirujana. Si alg\u00fan miembro de la comunidad requiere de sus servicios est\u00e1 segura de que lo asistir\u00e1. El problema que la hace pensar en que se quedar\u00e1 en la ciudad es la falta de recursos en El Catatumbo para tener un hospital en el que pueda desempe\u00f1ar su profesi\u00f3n.<\/p>\n<p><strong>RAFAEL ANTONIO PAB\u00d3N<\/strong><\/p>\n<p><a href=\"mailto:rafaelpabon58@hotmail.com\"><strong>rafaelpabon58@hotmail.com<\/strong><\/a><\/p>\n","protected":false},"excerpt":{"rendered":"<p>C\u00daCUTA.- Un d\u00eda, hace m\u00e1s de una d\u00e9cada, Lesly Cugduser dej\u00f3 la vida en la comunidad Karikachaboquira, en El Catatumbo. Hoy, sin olvidar sus ra\u00edces y sus ancestros, vive en la ciudad. Estudia en el colegio Nuestra Se\u00f1ora de Bel\u00e9n y adquiere conocimientos, porque en el futuro quiere ser m\u00e9dico para ayudar a los suyos &hellip;<\/p>\n","protected":false},"author":1,"featured_media":40021,"comment_status":"open","ping_status":"open","sticky":false,"template":"","format":"standard","meta":{"footnotes":""},"categories":[45,4],"tags":[5927,1498,246],"class_list":["post-40020","post","type-post","status-publish","format-standard","has-post-thumbnail","hentry","category-destacado","category-barra","tag-comunidad-karikachaboquira","tag-comunidad-motilon-bari","tag-el-catatumbo"],"_links":{"self":[{"href":"https:\/\/contraluzcucuta.co\/index.php?rest_route=\/wp\/v2\/posts\/40020","targetHints":{"allow":["GET"]}}],"collection":[{"href":"https:\/\/contraluzcucuta.co\/index.php?rest_route=\/wp\/v2\/posts"}],"about":[{"href":"https:\/\/contraluzcucuta.co\/index.php?rest_route=\/wp\/v2\/types\/post"}],"author":[{"embeddable":true,"href":"https:\/\/contraluzcucuta.co\/index.php?rest_route=\/wp\/v2\/users\/1"}],"replies":[{"embeddable":true,"href":"https:\/\/contraluzcucuta.co\/index.php?rest_route=%2Fwp%2Fv2%2Fcomments&post=40020"}],"version-history":[{"count":1,"href":"https:\/\/contraluzcucuta.co\/index.php?rest_route=\/wp\/v2\/posts\/40020\/revisions"}],"predecessor-version":[{"id":40024,"href":"https:\/\/contraluzcucuta.co\/index.php?rest_route=\/wp\/v2\/posts\/40020\/revisions\/40024"}],"wp:featuredmedia":[{"embeddable":true,"href":"https:\/\/contraluzcucuta.co\/index.php?rest_route=\/wp\/v2\/media\/40021"}],"wp:attachment":[{"href":"https:\/\/contraluzcucuta.co\/index.php?rest_route=%2Fwp%2Fv2%2Fmedia&parent=40020"}],"wp:term":[{"taxonomy":"category","embeddable":true,"href":"https:\/\/contraluzcucuta.co\/index.php?rest_route=%2Fwp%2Fv2%2Fcategories&post=40020"},{"taxonomy":"post_tag","embeddable":true,"href":"https:\/\/contraluzcucuta.co\/index.php?rest_route=%2Fwp%2Fv2%2Ftags&post=40020"}],"curies":[{"name":"wp","href":"https:\/\/api.w.org\/{rel}","templated":true}]}}