{"id":40008,"date":"2024-01-02T19:40:00","date_gmt":"2024-01-03T00:40:00","guid":{"rendered":"https:\/\/contraluzcucuta.co\/?p=40008"},"modified":"2024-01-02T19:40:00","modified_gmt":"2024-01-03T00:40:00","slug":"urestitucion-el-secuestro-la-muerte-y-el-destierro","status":"publish","type":"post","link":"https:\/\/contraluzcucuta.co\/?p=40008","title":{"rendered":"URestitucion. El secuestro, la muerte y el destierro"},"content":{"rendered":"<p style=\"padding-left: 40px; text-align: right;\"><strong><span style=\"color: #ff9900;\">C\u00daCUTA.- Antes de que sonaran las 12 campanadas que desped\u00edan el 1994 y le daban la bienvenida a 1995, un hecho arruin\u00f3 el acostumbrado abrazo de fin de a\u00f1o de la familia Sanguino Salazar. Hombres armados ingresaron a la finca, en la zona rural de C\u00facuta, los amedrentaron y le dijeron al padre que la casa ser\u00eda de ellos \u2018como fuera\u2019.<\/span><\/strong><\/p>\n<p style=\"padding-left: 40px;\">Las 12 uvas tradicionales, el pan sobre la mesa y la cena de A\u00f1o Nuevo no pudieron ser consumidos. Ram\u00f3n Donato Sanguino y Lucy Esther Salazar persignaron a los hijos, les calmaron el miedo y los bendijeron. Esa dulzura familiar contrastar\u00eda con los amargos momentos que los har\u00edan vivir miembros del Eln que delinqu\u00edan en inmediaciones del corregimiento San Faustino (C\u00facuta).<\/p>\n<p><a href=\"https:\/\/contraluzcucuta.co\/wp-content\/uploads\/2024\/01\/URT-2.jpeg\"><img loading=\"lazy\" decoding=\"async\" class=\"alignnone size-medium wp-image-40010 alignleft\" src=\"https:\/\/contraluzcucuta.co\/wp-content\/uploads\/2024\/01\/URT-2-300x226.jpeg\" alt=\"\" width=\"300\" height=\"226\" srcset=\"https:\/\/contraluzcucuta.co\/wp-content\/uploads\/2024\/01\/URT-2-300x226.jpeg 300w, https:\/\/contraluzcucuta.co\/wp-content\/uploads\/2024\/01\/URT-2-600x452.jpeg 600w, https:\/\/contraluzcucuta.co\/wp-content\/uploads\/2024\/01\/URT-2-1024x771.jpeg 1024w, https:\/\/contraluzcucuta.co\/wp-content\/uploads\/2024\/01\/URT-2-768x578.jpeg 768w, https:\/\/contraluzcucuta.co\/wp-content\/uploads\/2024\/01\/URT-2-1536x1156.jpeg 1536w, https:\/\/contraluzcucuta.co\/wp-content\/uploads\/2024\/01\/URT-2.jpeg 1600w\" sizes=\"auto, (max-width: 300px) 100vw, 300px\" \/><\/a><\/p>\n<p>Las penumbras no ensombrecen los ojos verdes, brillantes y esplendorosos de Yurley Sanguino Salazar, la hija menor de la familia. En la memoria viven los recuerdos de los constantes acechos que vivieron en la vereda Paso de Los R\u00edos. Ah\u00ed, se teje la historia que les parti\u00f3 la vida en dos. Los sabores amargos y las l\u00e1grimas que caracterizaron a esa \u00e9poca, endulzan hoy la miel que producen en la finca, a la que lograron volver por medio de la restituci\u00f3n de tierras.<\/p>\n<p>En 1995, la violencia en Colombia estaba a tope, el orden p\u00fablico en Norte de Santander estaba desbordado y para este hogar todo era incertidumbre. La injusticia martillaba la mente de Ram\u00f3n Donato, quien por 9 a\u00f1os resisti\u00f3 los embates de la violencia, del despojo, del destierro y de los banderazos que le hac\u00eda la muerte, la cual le hab\u00eda cobrado la vida de su hermano. Mientras el tiempo pasaba, los pocos ahorros y los trabajos espor\u00e1dicos que le sal\u00edan, no eran suficientes para mantener a la familia.<\/p>\n<p>El 26 de septiembre del 2022, y despu\u00e9s de un largo proceso jur\u00eddico acompa\u00f1ado por la Unidad de Restituci\u00f3n de Tierras, un Juez Especializado en Restituci\u00f3n de Tierras de la Rep\u00fablica, profiri\u00f3 sentencia a favor de la familia Sanguino Salazar. Reconoci\u00f3 la calidad de v\u00edctima, y el Estado decidi\u00f3 reparar de manera integral restituy\u00e9ndole su tierra, con todas las garant\u00edas jur\u00eddicas. \u00a1Era hora de volver!<\/p>\n<p><a href=\"https:\/\/contraluzcucuta.co\/wp-content\/uploads\/2024\/01\/URT-1-scaled.jpg\"><img loading=\"lazy\" decoding=\"async\" class=\"alignnone size-medium wp-image-40011 alignleft\" src=\"https:\/\/contraluzcucuta.co\/wp-content\/uploads\/2024\/01\/URT-1-300x199.jpg\" alt=\"\" width=\"300\" height=\"199\" srcset=\"https:\/\/contraluzcucuta.co\/wp-content\/uploads\/2024\/01\/URT-1-300x199.jpg 300w, https:\/\/contraluzcucuta.co\/wp-content\/uploads\/2024\/01\/URT-1-600x399.jpg 600w, https:\/\/contraluzcucuta.co\/wp-content\/uploads\/2024\/01\/URT-1-1024x680.jpg 1024w, https:\/\/contraluzcucuta.co\/wp-content\/uploads\/2024\/01\/URT-1-768x510.jpg 768w, https:\/\/contraluzcucuta.co\/wp-content\/uploads\/2024\/01\/URT-1-1536x1021.jpg 1536w, https:\/\/contraluzcucuta.co\/wp-content\/uploads\/2024\/01\/URT-1-2048x1361.jpg 2048w, https:\/\/contraluzcucuta.co\/wp-content\/uploads\/2024\/01\/URT-1-310x205.jpg 310w\" sizes=\"auto, (max-width: 300px) 100vw, 300px\" \/><\/a><\/p>\n<p>Las medidas complementarias de la sentencia de restituci\u00f3n de tierras inclu\u00edan la formaci\u00f3n t\u00e9cnica y tecnol\u00f3gica de la familia en el Servicio Nacional de Aprendizaje (SENA), en donde Ilder estudi\u00f3 Apicultura, que consiste en la crianza y cuidado de las abejas, de las que obtienen la miel y sus derivados.<\/p>\n<p>Lograron poner 46 colmenas, de las que sacan miel que comercializan en C\u00facuta y municipios cercanos. Ram\u00f3n Donato tiene 70 a\u00f1os, Lucy Esther 69, Ilder 49 y Yurley 44. Sacan al a\u00f1o 1200 litros de miel.<\/p>\n","protected":false},"excerpt":{"rendered":"<p>C\u00daCUTA.- Antes de que sonaran las 12 campanadas que desped\u00edan el 1994 y le daban la bienvenida a 1995, un hecho arruin\u00f3 el acostumbrado abrazo de fin de a\u00f1o de la familia Sanguino Salazar. Hombres armados ingresaron a la finca, en la zona rural de C\u00facuta, los amedrentaron y le dijeron al padre que la &hellip;<\/p>\n","protected":false},"author":1,"featured_media":40009,"comment_status":"open","ping_status":"open","sticky":false,"template":"","format":"standard","meta":{"footnotes":""},"categories":[4,36],"tags":[1214,3662],"class_list":["post-40008","post","type-post","status-publish","format-standard","has-post-thumbnail","hentry","category-barra","category-la-voz-del-pueblo","tag-restitucion-de-tierras","tag-urt-norte-de-santander"],"_links":{"self":[{"href":"https:\/\/contraluzcucuta.co\/index.php?rest_route=\/wp\/v2\/posts\/40008","targetHints":{"allow":["GET"]}}],"collection":[{"href":"https:\/\/contraluzcucuta.co\/index.php?rest_route=\/wp\/v2\/posts"}],"about":[{"href":"https:\/\/contraluzcucuta.co\/index.php?rest_route=\/wp\/v2\/types\/post"}],"author":[{"embeddable":true,"href":"https:\/\/contraluzcucuta.co\/index.php?rest_route=\/wp\/v2\/users\/1"}],"replies":[{"embeddable":true,"href":"https:\/\/contraluzcucuta.co\/index.php?rest_route=%2Fwp%2Fv2%2Fcomments&post=40008"}],"version-history":[{"count":1,"href":"https:\/\/contraluzcucuta.co\/index.php?rest_route=\/wp\/v2\/posts\/40008\/revisions"}],"predecessor-version":[{"id":40012,"href":"https:\/\/contraluzcucuta.co\/index.php?rest_route=\/wp\/v2\/posts\/40008\/revisions\/40012"}],"wp:featuredmedia":[{"embeddable":true,"href":"https:\/\/contraluzcucuta.co\/index.php?rest_route=\/wp\/v2\/media\/40009"}],"wp:attachment":[{"href":"https:\/\/contraluzcucuta.co\/index.php?rest_route=%2Fwp%2Fv2%2Fmedia&parent=40008"}],"wp:term":[{"taxonomy":"category","embeddable":true,"href":"https:\/\/contraluzcucuta.co\/index.php?rest_route=%2Fwp%2Fv2%2Fcategories&post=40008"},{"taxonomy":"post_tag","embeddable":true,"href":"https:\/\/contraluzcucuta.co\/index.php?rest_route=%2Fwp%2Fv2%2Ftags&post=40008"}],"curies":[{"name":"wp","href":"https:\/\/api.w.org\/{rel}","templated":true}]}}