{"id":39997,"date":"2023-12-30T18:17:34","date_gmt":"2023-12-30T23:17:34","guid":{"rendered":"https:\/\/contraluzcucuta.co\/?p=39997"},"modified":"2023-12-30T18:24:22","modified_gmt":"2023-12-30T23:24:22","slug":"necrologia-luis-vicente-era-un-tipazo-todo-un-caballero","status":"publish","type":"post","link":"https:\/\/contraluzcucuta.co\/?p=39997","title":{"rendered":"NECROLOG\u00cdA. Luis Vicente \u201cera un tipazo, todo un caballero\u201d"},"content":{"rendered":"<ul>\n<li><em>El primer puesto p\u00fabico que ocup\u00f3 Luis Vicente Serrano Silva fue el de juez promiscuo de Lourdes (Norte de Santander). <\/em><\/li>\n<\/ul>\n<p><a href=\"https:\/\/contraluzcucuta.co\/wp-content\/uploads\/2023\/12\/GARCIAZO-3.jpeg\"><img loading=\"lazy\" decoding=\"async\" class=\"alignnone size-medium wp-image-40000 alignleft\" src=\"https:\/\/contraluzcucuta.co\/wp-content\/uploads\/2023\/12\/GARCIAZO-3-300x225.jpeg\" alt=\"\" width=\"300\" height=\"225\" srcset=\"https:\/\/contraluzcucuta.co\/wp-content\/uploads\/2023\/12\/GARCIAZO-3-300x225.jpeg 300w, https:\/\/contraluzcucuta.co\/wp-content\/uploads\/2023\/12\/GARCIAZO-3-600x450.jpeg 600w, https:\/\/contraluzcucuta.co\/wp-content\/uploads\/2023\/12\/GARCIAZO-3-1024x768.jpeg 1024w, https:\/\/contraluzcucuta.co\/wp-content\/uploads\/2023\/12\/GARCIAZO-3-768x576.jpeg 768w, https:\/\/contraluzcucuta.co\/wp-content\/uploads\/2023\/12\/GARCIAZO-3-1536x1152.jpeg 1536w, https:\/\/contraluzcucuta.co\/wp-content\/uploads\/2023\/12\/GARCIAZO-3.jpeg 1600w\" sizes=\"auto, (max-width: 300px) 100vw, 300px\" \/><\/a><\/p>\n<p>As\u00ed, sin hacer esfuerzo mental alguno, record\u00f3 Luis Eduardo Garc\u00eda (Sicario) al reci\u00e9n fallecido ex alcalde de C\u00facuta (1983 \u2013 1984). Los dos estuvieron ligados por una amistad que les ofreci\u00f3 el Partido Conservador y que se extendi\u00f3 por a\u00f1os sin t\u00e9rmino en el campo de la pol\u00edtica regional. Despu\u00e9s, mientras contaba con los dedos de la mano, enumer\u00f3 otros cargos.<\/p>\n<p>Abogado, radiodifusor, senador, representante a la C\u00e1mara, viceministro de Trabajo y Seguridad Social, juez municipal y de circuito, personero de C\u00facuta, contralor de Norte de Santander, director regional del Instituto Nacional de Tr\u00e1nsito y Transporte (Intra), concejal y diputado. No le falt\u00f3 ning\u00fan prefijo ex por rese\u00f1ar.<\/p>\n<p>La din\u00e1mica de la pol\u00edtica llev\u00f3 al rompimiento del movimiento por el que Luis Vicente siempre aspir\u00f3 y gan\u00f3. La muerte de Argelino Dur\u00e1n Quintero, mientras estaba secuestrado por las Farc, ahond\u00f3 la crisis y los l\u00edderes abrieron toldas, aunque azules, y cada cual busc\u00f3 horizontes. Garc\u00eda se uni\u00f3 a Luis Jes\u00fas Botello.<\/p>\n<p>Al definir a Serrano Silva como persona, no titubea. \u201cEra muy bien\u201d. Record\u00f3 que mientras estuvo en el Congreso de la Rep\u00fablica lo mantuvo empleado en el ICCE (Instituto Colombiano de Construcciones Escolares), en Caminos Vecinales, fue asistente en el Concejo, en el Seguro Social y fue inspector de polic\u00eda sin ser abogado.<\/p>\n<ul>\n<li><em>\u201cEra un tipazo. Todo un caballero. Amable para tratar. Si se compromet\u00eda dec\u00eda que s\u00ed y cumpl\u00eda, si no, dec\u00eda \u2018no puedo\u2019\u201d. \u00a0\u00a0<\/em><\/li>\n<\/ul>\n<p><a href=\"https:\/\/contraluzcucuta.co\/wp-content\/uploads\/2023\/12\/GARCIAZO-4.jpeg\"><img loading=\"lazy\" decoding=\"async\" class=\"alignnone size-medium wp-image-40002 alignleft\" src=\"https:\/\/contraluzcucuta.co\/wp-content\/uploads\/2023\/12\/GARCIAZO-4-300x225.jpeg\" alt=\"\" width=\"300\" height=\"225\" srcset=\"https:\/\/contraluzcucuta.co\/wp-content\/uploads\/2023\/12\/GARCIAZO-4-300x225.jpeg 300w, https:\/\/contraluzcucuta.co\/wp-content\/uploads\/2023\/12\/GARCIAZO-4-600x450.jpeg 600w, https:\/\/contraluzcucuta.co\/wp-content\/uploads\/2023\/12\/GARCIAZO-4-1024x768.jpeg 1024w, https:\/\/contraluzcucuta.co\/wp-content\/uploads\/2023\/12\/GARCIAZO-4-768x576.jpeg 768w, https:\/\/contraluzcucuta.co\/wp-content\/uploads\/2023\/12\/GARCIAZO-4-1536x1152.jpeg 1536w, https:\/\/contraluzcucuta.co\/wp-content\/uploads\/2023\/12\/GARCIAZO-4.jpeg 1600w\" sizes=\"auto, (max-width: 300px) 100vw, 300px\" \/><\/a><\/p>\n<p>Y comenz\u00f3 a repasar nombres del clan que lo rodeaba. Gustavo G\u00f3mez Ardila, Jairo Arbel\u00e1ez, Trist\u00e1n Arbel\u00e1ez, Fructuoso Leal, Augusto C\u00e1rdenas, \u00c1lvaro Ayala P\u00e9rez, \u00c1lvaro Raad, Dar\u00edo Ord\u00f3\u00f1ez, Luis Jes\u00fas Botello y muchos m\u00e1s aparecieron en el listado.<\/p>\n<p>El recuerdo parece fresco por la fluidez del relato. Surgen las an\u00e9cdotas que llevan a la carcajada. Las historias escuchadas en ese lenguaje simple aparecen veros\u00edmiles. Los cuentos narrados mientras se enfr\u00eda el tinto se hacen cre\u00edbles. El relato muestra intacto al hombre nacido el 17 de junio de 1939. En esos 84 a\u00f1os, recorri\u00f3 el departamento para conocer las necesidades en cada municipio.<\/p>\n<ul>\n<li><em>Luis Vicente fue el tipo de los compadrazgos. En cada municipio ten\u00eda, m\u00ednimo, 50 compadres. Los compadres eran los que lo eleg\u00edan.<\/em><\/li>\n<\/ul>\n<p>Era la \u00e9poca de pedir y hacer favores. No se hab\u00eda impuesto la man\u00eda de vender el voto por unos pesos. Las recomendaciones se hac\u00edan mediante tarjetas de presentaci\u00f3n y ten\u00edan mucho valor.<\/p>\n<p>En la despedida de este mundo, Luis Eduardo Garc\u00eda no vio a muchos de los que se hicieron pol\u00edticamente al lado de Serrano Silva. Sincero, como de costumbre, y con voz marcada por la amargura los calific\u00f3 de \u201cingratos\u201d con el que fue su jefe y que no acompa\u00f1aron a la \u00faltima morada.<\/p>\n<p><strong>RAFAEL ANTONIO PAB\u00d3N<\/strong><\/p>\n<p><strong><a href=\"mailto:rafaelpabon58@hotmail.com\">rafaelpabon58@hotmail.com<\/a><\/strong><\/p>\n","protected":false},"excerpt":{"rendered":"<p>El primer puesto p\u00fabico que ocup\u00f3 Luis Vicente Serrano Silva fue el de juez promiscuo de Lourdes (Norte de Santander). As\u00ed, sin hacer esfuerzo mental alguno, record\u00f3 Luis Eduardo Garc\u00eda (Sicario) al reci\u00e9n fallecido ex alcalde de C\u00facuta (1983 \u2013 1984). Los dos estuvieron ligados por una amistad que les ofreci\u00f3 el Partido Conservador y &hellip;<\/p>\n","protected":false},"author":1,"featured_media":39998,"comment_status":"open","ping_status":"open","sticky":false,"template":"","format":"standard","meta":{"footnotes":""},"categories":[4,1967,9],"tags":[5925,5924,1948],"class_list":["post-39997","post","type-post","status-publish","format-standard","has-post-thumbnail","hentry","category-barra","category-necrologias","category-politica","tag-luis-eduardo-garcia","tag-luis-vicente-serrano-silva","tag-necrologias-cucutenas"],"_links":{"self":[{"href":"https:\/\/contraluzcucuta.co\/index.php?rest_route=\/wp\/v2\/posts\/39997","targetHints":{"allow":["GET"]}}],"collection":[{"href":"https:\/\/contraluzcucuta.co\/index.php?rest_route=\/wp\/v2\/posts"}],"about":[{"href":"https:\/\/contraluzcucuta.co\/index.php?rest_route=\/wp\/v2\/types\/post"}],"author":[{"embeddable":true,"href":"https:\/\/contraluzcucuta.co\/index.php?rest_route=\/wp\/v2\/users\/1"}],"replies":[{"embeddable":true,"href":"https:\/\/contraluzcucuta.co\/index.php?rest_route=%2Fwp%2Fv2%2Fcomments&post=39997"}],"version-history":[{"count":3,"href":"https:\/\/contraluzcucuta.co\/index.php?rest_route=\/wp\/v2\/posts\/39997\/revisions"}],"predecessor-version":[{"id":40003,"href":"https:\/\/contraluzcucuta.co\/index.php?rest_route=\/wp\/v2\/posts\/39997\/revisions\/40003"}],"wp:featuredmedia":[{"embeddable":true,"href":"https:\/\/contraluzcucuta.co\/index.php?rest_route=\/wp\/v2\/media\/39998"}],"wp:attachment":[{"href":"https:\/\/contraluzcucuta.co\/index.php?rest_route=%2Fwp%2Fv2%2Fmedia&parent=39997"}],"wp:term":[{"taxonomy":"category","embeddable":true,"href":"https:\/\/contraluzcucuta.co\/index.php?rest_route=%2Fwp%2Fv2%2Fcategories&post=39997"},{"taxonomy":"post_tag","embeddable":true,"href":"https:\/\/contraluzcucuta.co\/index.php?rest_route=%2Fwp%2Fv2%2Ftags&post=39997"}],"curies":[{"name":"wp","href":"https:\/\/api.w.org\/{rel}","templated":true}]}}