{"id":39945,"date":"2023-12-12T04:11:46","date_gmt":"2023-12-12T09:11:46","guid":{"rendered":"https:\/\/contraluzcucuta.co\/?p=39945"},"modified":"2023-12-12T04:11:46","modified_gmt":"2023-12-12T09:11:46","slug":"coliseo-menor-chispa-ocasiono-incendio-imrd","status":"publish","type":"post","link":"https:\/\/contraluzcucuta.co\/?p=39945","title":{"rendered":"COLISEO MENOR. Chispa ocasion\u00f3 incendio: IMRD"},"content":{"rendered":"<p style=\"padding-left: 40px; text-align: right;\"><strong><span style=\"color: #ff9900;\">C\u00daCUTA.- Una chispa producida por los trabajos que se adelantan en la cubierta ocasion\u00f3 un incendio en el Coliseo Menor Eustorgio Colmenares Baptista. Los cucute\u00f1os que habitan esta zona colindante con el escenario deportivo entraron en conmoci\u00f3n al ver el humo que se levantaba por sobre el techo de las casas.<\/span><\/strong><\/p>\n<p>El Instituto Municipal para la recreaci\u00f3n y el Deporte, de inmediato, expidi\u00f3 un comunicado en el que explic\u00f3 los motivos de la conflagraci\u00f3n y el trabajo del Cuerpo de Bomberos para apagar las llamas.<\/p>\n<p>\u201cEste suceso fue ocasionado por una chispa proveniente de los trabajos de soldadura del cambio de cubierta que se est\u00e1n llevando a cabo en el escenario\u201d, indic\u00f3 el IMRD.<\/p>\n<p>Las acciones inmediatas de los bomberos \u201chan evitado que el incendio se extendiera, minimizando los da\u00f1os y garantizando la seguridad\u201d de la comunidad.<\/p>\n","protected":false},"excerpt":{"rendered":"<p>C\u00daCUTA.- Una chispa producida por los trabajos que se adelantan en la cubierta ocasion\u00f3 un incendio en el Coliseo Menor Eustorgio Colmenares Baptista. Los cucute\u00f1os que habitan esta zona colindante con el escenario deportivo entraron en conmoci\u00f3n al ver el humo que se levantaba por sobre el techo de las casas. El Instituto Municipal para &hellip;<\/p>\n","protected":false},"author":1,"featured_media":39946,"comment_status":"open","ping_status":"open","sticky":false,"template":"","format":"standard","meta":{"footnotes":""},"categories":[11,4],"tags":[1301,5879,936],"class_list":["post-39945","post","type-post","status-publish","format-standard","has-post-thumbnail","hentry","category-cronica-roja","category-barra","tag-bomberos-de-cucuta","tag-coliseo-menor-eustorgio-colmenares","tag-imrd"],"_links":{"self":[{"href":"https:\/\/contraluzcucuta.co\/index.php?rest_route=\/wp\/v2\/posts\/39945","targetHints":{"allow":["GET"]}}],"collection":[{"href":"https:\/\/contraluzcucuta.co\/index.php?rest_route=\/wp\/v2\/posts"}],"about":[{"href":"https:\/\/contraluzcucuta.co\/index.php?rest_route=\/wp\/v2\/types\/post"}],"author":[{"embeddable":true,"href":"https:\/\/contraluzcucuta.co\/index.php?rest_route=\/wp\/v2\/users\/1"}],"replies":[{"embeddable":true,"href":"https:\/\/contraluzcucuta.co\/index.php?rest_route=%2Fwp%2Fv2%2Fcomments&post=39945"}],"version-history":[{"count":1,"href":"https:\/\/contraluzcucuta.co\/index.php?rest_route=\/wp\/v2\/posts\/39945\/revisions"}],"predecessor-version":[{"id":39947,"href":"https:\/\/contraluzcucuta.co\/index.php?rest_route=\/wp\/v2\/posts\/39945\/revisions\/39947"}],"wp:featuredmedia":[{"embeddable":true,"href":"https:\/\/contraluzcucuta.co\/index.php?rest_route=\/wp\/v2\/media\/39946"}],"wp:attachment":[{"href":"https:\/\/contraluzcucuta.co\/index.php?rest_route=%2Fwp%2Fv2%2Fmedia&parent=39945"}],"wp:term":[{"taxonomy":"category","embeddable":true,"href":"https:\/\/contraluzcucuta.co\/index.php?rest_route=%2Fwp%2Fv2%2Fcategories&post=39945"},{"taxonomy":"post_tag","embeddable":true,"href":"https:\/\/contraluzcucuta.co\/index.php?rest_route=%2Fwp%2Fv2%2Ftags&post=39945"}],"curies":[{"name":"wp","href":"https:\/\/api.w.org\/{rel}","templated":true}]}}