{"id":39940,"date":"2023-12-12T03:58:27","date_gmt":"2023-12-12T08:58:27","guid":{"rendered":"https:\/\/contraluzcucuta.co\/?p=39940"},"modified":"2023-12-12T03:58:27","modified_gmt":"2023-12-12T08:58:27","slug":"ranquin-yara-un-nortesantandereano-entre-los-35-menores-de-35","status":"publish","type":"post","link":"https:\/\/contraluzcucuta.co\/?p=39940","title":{"rendered":"RANQUIN YARA. Un nortesantandereano entre los \u201835 menores de 35\u2019"},"content":{"rendered":"<p style=\"padding-left: 40px; text-align: right;\"><strong><span style=\"color: #ff9900;\">C\u00daCUTA.- Yorvin Villamizar P\u00e9rez, agricultor de aguacate y caficultor, de Norte de Santander, es uno de los 14 colombianos incluidos en el ranquin \u201835 menores de 35\u2019 de Latinoam\u00e9rica, de la productora de alimentos Yara. Los agricultores fueron reconocidos por continuar apost\u00e1ndole al campo, mientras cuidan el planeta y aportan a la seguridad alimentaria en Latinoam\u00e9rica y el mundo.<\/span><\/strong><\/p>\n<p><a href=\"https:\/\/contraluzcucuta.co\/wp-content\/uploads\/2023\/12\/YORVIN-VILLAMIZAR-3.jpg\"><img loading=\"lazy\" decoding=\"async\" class=\"alignnone size-medium wp-image-39942 alignleft\" src=\"https:\/\/contraluzcucuta.co\/wp-content\/uploads\/2023\/12\/YORVIN-VILLAMIZAR-3-300x168.jpg\" alt=\"\" width=\"300\" height=\"168\" srcset=\"https:\/\/contraluzcucuta.co\/wp-content\/uploads\/2023\/12\/YORVIN-VILLAMIZAR-3-300x168.jpg 300w, https:\/\/contraluzcucuta.co\/wp-content\/uploads\/2023\/12\/YORVIN-VILLAMIZAR-3-600x336.jpg 600w, https:\/\/contraluzcucuta.co\/wp-content\/uploads\/2023\/12\/YORVIN-VILLAMIZAR-3-1024x573.jpg 1024w, https:\/\/contraluzcucuta.co\/wp-content\/uploads\/2023\/12\/YORVIN-VILLAMIZAR-3-768x429.jpg 768w, https:\/\/contraluzcucuta.co\/wp-content\/uploads\/2023\/12\/YORVIN-VILLAMIZAR-3.jpg 1098w\" sizes=\"auto, (max-width: 300px) 100vw, 300px\" \/><\/a><\/p>\n<p>En el bachillerato, al estudiar ciencias agropecuarias, encontr\u00f3 inspiraci\u00f3n para continuar con el legado de sus padres campesinos. Estudi\u00f3 ingenier\u00eda agr\u00edcola para aumentar los conocimientos en torno a los cultivos de aguacate y caf\u00e9.<\/p>\n<p>\u201cEmpleo pr\u00e1cticas de sostenibilidad, como aplicar solo productos biol\u00f3gicos en mi cultivo\u201d, explic\u00f3 Yorvin Villamizar. Emplea sistemas de riego para disminuir el uso del agua, usa el machete solo en la limpieza del lote y no utiliza maquinaria que se mueva con gasolina.<\/p>\n<p>En el concurso participaron m\u00e1s de 130 productores desde M\u00e9xico hasta Argentina, y compartieron historias de vida, la visi\u00f3n de buenas pr\u00e1cticas agr\u00edcolas y el aporte al planeta.<\/p>\n<p><a href=\"https:\/\/contraluzcucuta.co\/wp-content\/uploads\/2023\/12\/YORVIN-VILLAMIZAR-2.jpg\"><img loading=\"lazy\" decoding=\"async\" class=\"alignnone size-medium wp-image-39943 alignleft\" src=\"https:\/\/contraluzcucuta.co\/wp-content\/uploads\/2023\/12\/YORVIN-VILLAMIZAR-2-300x281.jpg\" alt=\"\" width=\"300\" height=\"281\" srcset=\"https:\/\/contraluzcucuta.co\/wp-content\/uploads\/2023\/12\/YORVIN-VILLAMIZAR-2-300x281.jpg 300w, https:\/\/contraluzcucuta.co\/wp-content\/uploads\/2023\/12\/YORVIN-VILLAMIZAR-2-600x561.jpg 600w, https:\/\/contraluzcucuta.co\/wp-content\/uploads\/2023\/12\/YORVIN-VILLAMIZAR-2.jpg 709w\" sizes=\"auto, (max-width: 300px) 100vw, 300px\" \/><\/a><\/p>\n<p>Los criterios para la selecci\u00f3n fueron:<\/p>\n<ul>\n<li>Uso de herramientas de agricultura digital<\/li>\n<li>Impacto del cultivo frente a los Objetivos de Desarrollo Sostenible (ODS)<\/li>\n<li>Valor de la historia<\/li>\n<li>Uso de productos de la compa\u00f1\u00eda en los cultivos presentados<\/li>\n<li>Niveles de rendimientos.<\/li>\n<li>Trabajo, entrega, responsabilidad y compromiso en la transformaci\u00f3n del campo.<\/li>\n<\/ul>\n<p>\u201cYara tiene como ambici\u00f3n Cultivar un Futuro Alimentario Positivo para la Naturaleza, por ello constantemente tenemos iniciativas que contribuyen a los agricultores y al medioambiente\u201d, dijo Carolina G\u00f3mez, gerente de Comunicaciones de Yara para Latinoam\u00e9rica.<\/p>\n<p>Los otros 13 reconocidos son oriundos de Antioquia, Bol\u00edvar, Cauca, Cundinamarca, Huila, Nari\u00f1o, Quind\u00edo, Santander, Valle del Cauca y Vichada.<\/p>\n","protected":false},"excerpt":{"rendered":"<p>C\u00daCUTA.- Yorvin Villamizar P\u00e9rez, agricultor de aguacate y caficultor, de Norte de Santander, es uno de los 14 colombianos incluidos en el ranquin \u201835 menores de 35\u2019 de Latinoam\u00e9rica, de la productora de alimentos Yara. Los agricultores fueron reconocidos por continuar apost\u00e1ndole al campo, mientras cuidan el planeta y aportan a la seguridad alimentaria en &hellip;<\/p>\n","protected":false},"author":1,"featured_media":39941,"comment_status":"open","ping_status":"open","sticky":false,"template":"","format":"standard","meta":{"footnotes":""},"categories":[4,36],"tags":[5910,5909],"class_list":["post-39940","post","type-post","status-publish","format-standard","has-post-thumbnail","hentry","category-barra","category-la-voz-del-pueblo","tag-35-menores-de-35","tag-alimentos-yara"],"_links":{"self":[{"href":"https:\/\/contraluzcucuta.co\/index.php?rest_route=\/wp\/v2\/posts\/39940","targetHints":{"allow":["GET"]}}],"collection":[{"href":"https:\/\/contraluzcucuta.co\/index.php?rest_route=\/wp\/v2\/posts"}],"about":[{"href":"https:\/\/contraluzcucuta.co\/index.php?rest_route=\/wp\/v2\/types\/post"}],"author":[{"embeddable":true,"href":"https:\/\/contraluzcucuta.co\/index.php?rest_route=\/wp\/v2\/users\/1"}],"replies":[{"embeddable":true,"href":"https:\/\/contraluzcucuta.co\/index.php?rest_route=%2Fwp%2Fv2%2Fcomments&post=39940"}],"version-history":[{"count":1,"href":"https:\/\/contraluzcucuta.co\/index.php?rest_route=\/wp\/v2\/posts\/39940\/revisions"}],"predecessor-version":[{"id":39944,"href":"https:\/\/contraluzcucuta.co\/index.php?rest_route=\/wp\/v2\/posts\/39940\/revisions\/39944"}],"wp:featuredmedia":[{"embeddable":true,"href":"https:\/\/contraluzcucuta.co\/index.php?rest_route=\/wp\/v2\/media\/39941"}],"wp:attachment":[{"href":"https:\/\/contraluzcucuta.co\/index.php?rest_route=%2Fwp%2Fv2%2Fmedia&parent=39940"}],"wp:term":[{"taxonomy":"category","embeddable":true,"href":"https:\/\/contraluzcucuta.co\/index.php?rest_route=%2Fwp%2Fv2%2Fcategories&post=39940"},{"taxonomy":"post_tag","embeddable":true,"href":"https:\/\/contraluzcucuta.co\/index.php?rest_route=%2Fwp%2Fv2%2Ftags&post=39940"}],"curies":[{"name":"wp","href":"https:\/\/api.w.org\/{rel}","templated":true}]}}