{"id":39936,"date":"2023-12-11T04:44:41","date_gmt":"2023-12-11T09:44:41","guid":{"rendered":"https:\/\/contraluzcucuta.co\/?p=39936"},"modified":"2023-12-11T04:44:41","modified_gmt":"2023-12-11T09:44:41","slug":"vuelta-al-tachira-2024-septima-etapa-pasara-por-cucuta","status":"publish","type":"post","link":"https:\/\/contraluzcucuta.co\/?p=39936","title":{"rendered":"VUELTA AL T\u00c1CHIRA 2024. S\u00e9ptima etapa pasar\u00e1 por C\u00facuta \u00a0"},"content":{"rendered":"<p style=\"padding-left: 40px; text-align: right;\"><strong><span style=\"color: #ff9900;\">SAN CRIST\u00d3BAL \u2013 Venezuela.- \u00a0La Vuelta al T\u00e1chira, en la edici\u00f3n 59, tocar\u00e1 de nuevo las v\u00edas cucute\u00f1as. La s\u00e9ptima etapa pasar\u00e1 por la capital de Norte de Santander y se enrumbar\u00e1 hacia el Cerro del Cristo. Los aficionados a este deporte tendr\u00e1n la oportunidad de vivir las emociones que deparan la velocidad y la vistosidad de los corredores.<\/span><\/strong><\/p>\n<p><a href=\"https:\/\/contraluzcucuta.co\/wp-content\/uploads\/2023\/12\/VUELTA-AL-TACHIRA-3.jpeg\"><img loading=\"lazy\" decoding=\"async\" class=\"alignnone size-medium wp-image-39937 alignleft\" src=\"https:\/\/contraluzcucuta.co\/wp-content\/uploads\/2023\/12\/VUELTA-AL-TACHIRA-3-300x158.jpeg\" alt=\"\" width=\"300\" height=\"158\" srcset=\"https:\/\/contraluzcucuta.co\/wp-content\/uploads\/2023\/12\/VUELTA-AL-TACHIRA-3-300x158.jpeg 300w, https:\/\/contraluzcucuta.co\/wp-content\/uploads\/2023\/12\/VUELTA-AL-TACHIRA-3-600x315.jpeg 600w, https:\/\/contraluzcucuta.co\/wp-content\/uploads\/2023\/12\/VUELTA-AL-TACHIRA-3.jpeg 720w\" sizes=\"auto, (max-width: 300px) 100vw, 300px\" \/><\/a><\/p>\n<p>La carrera se diputar\u00e1 del 14 al 21 de enero y el recorrido comprende gran parte de la geograf\u00eda del Estado T\u00e1chira. Adem\u00e1s, llegar\u00e1 a la tur\u00edstica M\u00e9rida, en los andes venezolanos.<\/p>\n<p>Primera etapa: Circuito metropolitano entre San Crist\u00f3bal y T\u00e1riba<\/p>\n<p>Segunda etapa. Partir\u00e1 de la capital del Torbes para tomar rumbo a San Joaqu\u00edn de Navay (Liberador) y finalizar\u00e1 en la capital del T\u00e1chira.<\/p>\n<p>Tercera etapa. San Juan de Col\u00f3n, en la zona norte del T\u00e1chira, y llegar\u00e1 hasta La Tendida.<\/p>\n<p>Cuarta etapa. M\u00e9rida. La carrera adornar\u00e1 con la colorida caravana las calles de la ciudad universitaria de Venezuela.<\/p>\n<p>Quinta etapa. Desde La Tendida hasta La Grita, convirti\u00e9ndose en una de las etapas m\u00e1s duras.<\/p>\n<p>Sexta etapa. Salida en El Pi\u00f1al, en la zona sur, para finalizar en Borot\u00e1.<\/p>\n<p>S\u00e9ptima etapa. La reina de la Vuelta partir\u00e1 en Pedro Mar\u00eda Ure\u00f1a, ir\u00e1 a C\u00facuta (Colombia) y luego tomar\u00e1 el terreno de ascenso para finalizar en la m\u00edtica llegada en el Monumento al Cristo Rey, en Capacho.<\/p>\n<p>Octava etapa. Se baja el tel\u00f3n de la edici\u00f3n 59 de la Vuelta al T\u00e1chira en Bicicleta con el tradicional circuito \u2018Santos Rafael Berm\u00fadez\u2019, en las avenidas Espa\u00f1a y 19 de Abril, con final en el Vel\u00f3dromo J.J. Mora Figueroa de Pueblo Nuevo.<\/p>\n<p>Carlos Alexis Rivera<\/p>\n<p>Coordinador de Prensa IDT<\/p>\n","protected":false},"excerpt":{"rendered":"<p>SAN CRIST\u00d3BAL \u2013 Venezuela.- \u00a0La Vuelta al T\u00e1chira, en la edici\u00f3n 59, tocar\u00e1 de nuevo las v\u00edas cucute\u00f1as. La s\u00e9ptima etapa pasar\u00e1 por la capital de Norte de Santander y se enrumbar\u00e1 hacia el Cerro del Cristo. Los aficionados a este deporte tendr\u00e1n la oportunidad de vivir las emociones que deparan la velocidad y la &hellip;<\/p>\n","protected":false},"author":1,"featured_media":39938,"comment_status":"open","ping_status":"open","sticky":false,"template":"","format":"standard","meta":{"footnotes":""},"categories":[4,28],"tags":[5907,5908,5906],"class_list":["post-39936","post","type-post","status-publish","format-standard","has-post-thumbnail","hentry","category-barra","category-vistazo-deportivo","tag-ciclismo-internacional","tag-uci","tag-vuelta-al-tachira"],"_links":{"self":[{"href":"https:\/\/contraluzcucuta.co\/index.php?rest_route=\/wp\/v2\/posts\/39936","targetHints":{"allow":["GET"]}}],"collection":[{"href":"https:\/\/contraluzcucuta.co\/index.php?rest_route=\/wp\/v2\/posts"}],"about":[{"href":"https:\/\/contraluzcucuta.co\/index.php?rest_route=\/wp\/v2\/types\/post"}],"author":[{"embeddable":true,"href":"https:\/\/contraluzcucuta.co\/index.php?rest_route=\/wp\/v2\/users\/1"}],"replies":[{"embeddable":true,"href":"https:\/\/contraluzcucuta.co\/index.php?rest_route=%2Fwp%2Fv2%2Fcomments&post=39936"}],"version-history":[{"count":1,"href":"https:\/\/contraluzcucuta.co\/index.php?rest_route=\/wp\/v2\/posts\/39936\/revisions"}],"predecessor-version":[{"id":39939,"href":"https:\/\/contraluzcucuta.co\/index.php?rest_route=\/wp\/v2\/posts\/39936\/revisions\/39939"}],"wp:featuredmedia":[{"embeddable":true,"href":"https:\/\/contraluzcucuta.co\/index.php?rest_route=\/wp\/v2\/media\/39938"}],"wp:attachment":[{"href":"https:\/\/contraluzcucuta.co\/index.php?rest_route=%2Fwp%2Fv2%2Fmedia&parent=39936"}],"wp:term":[{"taxonomy":"category","embeddable":true,"href":"https:\/\/contraluzcucuta.co\/index.php?rest_route=%2Fwp%2Fv2%2Fcategories&post=39936"},{"taxonomy":"post_tag","embeddable":true,"href":"https:\/\/contraluzcucuta.co\/index.php?rest_route=%2Fwp%2Fv2%2Ftags&post=39936"}],"curies":[{"name":"wp","href":"https:\/\/api.w.org\/{rel}","templated":true}]}}