{"id":39927,"date":"2023-12-11T04:18:57","date_gmt":"2023-12-11T09:18:57","guid":{"rendered":"https:\/\/contraluzcucuta.co\/?p=39927"},"modified":"2023-12-11T04:18:57","modified_gmt":"2023-12-11T09:18:57","slug":"paso-al-bachillerato-dia-especial-en-la-vida-de-unos-ninos","status":"publish","type":"post","link":"https:\/\/contraluzcucuta.co\/?p=39927","title":{"rendered":"PASO AL BACHILLERATO. D\u00eda especial en la vida de unos ni\u00f1os"},"content":{"rendered":"<p style=\"padding-left: 40px; text-align: right;\"><strong><span style=\"color: #ff9900;\">C\u00daCUTA.- Luciana Rol\u00f3n, Fabiana Bonilla e Isabell Garc\u00eda dieron el salto grade de primaria a secundaria. En presencia de padres de familia y docentes, decenas de ni\u00f1os se vistieron de toga y birrete para recibir el diploma que los acredita para comenzar el bachillerato. Algunos fueron objeto de reconocimiento por rendimiento acad\u00e9mico o por haber completado el ciclo en la instituci\u00f3n educativa Gimnasio Campestre Comfaoriente.<\/span><\/strong><\/p>\n<p>Al terminar la jornada de clausura del a\u00f1o lectivo los gritos de felicidad de los peque\u00f1os inundaron el auditorio. Entre tanto, padres y madres los aguardaban impacientes para entregarles el detalle que les hab\u00edan comprado. El mensaje en las tarjetas los animaban a emprender el nuevo paso con seguridad y decisi\u00f3n.<\/p>\n<p><a href=\"https:\/\/contraluzcucuta.co\/wp-content\/uploads\/2023\/12\/GRADO-PRIMARIA-9.jpeg\"><img loading=\"lazy\" decoding=\"async\" class=\"alignnone size-medium wp-image-39929 alignleft\" src=\"https:\/\/contraluzcucuta.co\/wp-content\/uploads\/2023\/12\/GRADO-PRIMARIA-9-300x225.jpeg\" alt=\"\" width=\"300\" height=\"225\" srcset=\"https:\/\/contraluzcucuta.co\/wp-content\/uploads\/2023\/12\/GRADO-PRIMARIA-9-300x225.jpeg 300w, https:\/\/contraluzcucuta.co\/wp-content\/uploads\/2023\/12\/GRADO-PRIMARIA-9-600x450.jpeg 600w, https:\/\/contraluzcucuta.co\/wp-content\/uploads\/2023\/12\/GRADO-PRIMARIA-9-1024x768.jpeg 1024w, https:\/\/contraluzcucuta.co\/wp-content\/uploads\/2023\/12\/GRADO-PRIMARIA-9-768x576.jpeg 768w, https:\/\/contraluzcucuta.co\/wp-content\/uploads\/2023\/12\/GRADO-PRIMARIA-9-1536x1152.jpeg 1536w, https:\/\/contraluzcucuta.co\/wp-content\/uploads\/2023\/12\/GRADO-PRIMARIA-9.jpeg 1600w\" sizes=\"auto, (max-width: 300px) 100vw, 300px\" \/><\/a><\/p>\n<p>Las tres ni\u00f1as tomaron la palabra en representaci\u00f3n de los graduandos.<\/p>\n<p><strong>Luciana:<\/strong> Gracias a todas las personas que aportaron su granito de arena en nuestro proceso educativo.<\/p>\n<p><strong>Isabella:<\/strong> Hoy, nos graduamos como los grandes. El tiempo ha pasado, ya no somos aquellos chiquillos que cursamos los cinco maravillosos a\u00f1os de primaria.<\/p>\n<p><strong>Luciana:<\/strong> Hoy nos despedimos de la primaria para iniciar una nueva etapa.<\/p>\n<p><strong>Isabella:<\/strong> Cada uno de nosotros hemos cumplido nuestro objetivo al estar hoy aqu\u00ed en esta ceremonia.<\/p>\n<p><strong>Luciana:<\/strong> La experiencia vivida en estos a\u00f1os nos llena de entusiasmo para seguir fuera de la misma.<\/p>\n<p><a href=\"https:\/\/contraluzcucuta.co\/wp-content\/uploads\/2023\/12\/GRADO-PRIMARIA-11.jpeg\"><img loading=\"lazy\" decoding=\"async\" class=\"alignnone size-medium wp-image-39930 alignleft\" src=\"https:\/\/contraluzcucuta.co\/wp-content\/uploads\/2023\/12\/GRADO-PRIMARIA-11-300x225.jpeg\" alt=\"\" width=\"300\" height=\"225\" srcset=\"https:\/\/contraluzcucuta.co\/wp-content\/uploads\/2023\/12\/GRADO-PRIMARIA-11-300x225.jpeg 300w, https:\/\/contraluzcucuta.co\/wp-content\/uploads\/2023\/12\/GRADO-PRIMARIA-11-600x450.jpeg 600w, https:\/\/contraluzcucuta.co\/wp-content\/uploads\/2023\/12\/GRADO-PRIMARIA-11-1024x768.jpeg 1024w, https:\/\/contraluzcucuta.co\/wp-content\/uploads\/2023\/12\/GRADO-PRIMARIA-11-768x576.jpeg 768w, https:\/\/contraluzcucuta.co\/wp-content\/uploads\/2023\/12\/GRADO-PRIMARIA-11-1536x1152.jpeg 1536w, https:\/\/contraluzcucuta.co\/wp-content\/uploads\/2023\/12\/GRADO-PRIMARIA-11.jpeg 1600w\" sizes=\"auto, (max-width: 300px) 100vw, 300px\" \/><\/a><\/p>\n<p><strong>Isabella:<\/strong> A mis profesores les doy las gracias por haberse preocupado por la educaci\u00f3n, formaci\u00f3n de cada uno de nosotros.<\/p>\n<p><strong>Luciana.<\/strong> Aqu\u00ed comprendimos el verdadero significado de la amistad, la uni\u00f3n, la solidaridad, la alegr\u00eda y la confianza.<\/p>\n<p><strong>Isabella:<\/strong> (Gracias) por motivarnos a salir adelante y por ense\u00f1arnos a no solo pensar en grande, sino a ser grandes compa\u00f1eros.<\/p>\n<p><strong>Luciana:<\/strong> A lo largo del tiempo, Dios pone en nuestro camino a diversas personas que son dif\u00edciles de olvidar, porque han dejado una huella importante en nuestro coraz\u00f3n.<\/p>\n<p><strong>Isabella:<\/strong> Debemos estar orgullosos por lo alcanzado. Hoy, llegamos a una de nuestras primeras metas. Continuaremos el camino no diciendo hasta luego, sino hasta pronto.<\/p>\n<p>Fabiana agradeci\u00f3 el apoyo dado a la poblaci\u00f3n estudiantil venida de Venezuela y mostr\u00f3 entusiasmo por los momentos compartidos con compa\u00f1eros y docentes.<\/p>\n","protected":false},"excerpt":{"rendered":"<p>C\u00daCUTA.- Luciana Rol\u00f3n, Fabiana Bonilla e Isabell Garc\u00eda dieron el salto grade de primaria a secundaria. En presencia de padres de familia y docentes, decenas de ni\u00f1os se vistieron de toga y birrete para recibir el diploma que los acredita para comenzar el bachillerato. Algunos fueron objeto de reconocimiento por rendimiento acad\u00e9mico o por haber &hellip;<\/p>\n","protected":false},"author":1,"featured_media":39928,"comment_status":"open","ping_status":"open","sticky":false,"template":"","format":"standard","meta":{"footnotes":""},"categories":[74,4,36],"tags":[5700,5852],"class_list":["post-39927","post","type-post","status-publish","format-standard","has-post-thumbnail","hentry","category-aula-universitaria","category-barra","category-la-voz-del-pueblo","tag-comfaoriente","tag-institucion-educativa-gimnasio-campestre-comfaoriente"],"_links":{"self":[{"href":"https:\/\/contraluzcucuta.co\/index.php?rest_route=\/wp\/v2\/posts\/39927","targetHints":{"allow":["GET"]}}],"collection":[{"href":"https:\/\/contraluzcucuta.co\/index.php?rest_route=\/wp\/v2\/posts"}],"about":[{"href":"https:\/\/contraluzcucuta.co\/index.php?rest_route=\/wp\/v2\/types\/post"}],"author":[{"embeddable":true,"href":"https:\/\/contraluzcucuta.co\/index.php?rest_route=\/wp\/v2\/users\/1"}],"replies":[{"embeddable":true,"href":"https:\/\/contraluzcucuta.co\/index.php?rest_route=%2Fwp%2Fv2%2Fcomments&post=39927"}],"version-history":[{"count":1,"href":"https:\/\/contraluzcucuta.co\/index.php?rest_route=\/wp\/v2\/posts\/39927\/revisions"}],"predecessor-version":[{"id":39931,"href":"https:\/\/contraluzcucuta.co\/index.php?rest_route=\/wp\/v2\/posts\/39927\/revisions\/39931"}],"wp:featuredmedia":[{"embeddable":true,"href":"https:\/\/contraluzcucuta.co\/index.php?rest_route=\/wp\/v2\/media\/39928"}],"wp:attachment":[{"href":"https:\/\/contraluzcucuta.co\/index.php?rest_route=%2Fwp%2Fv2%2Fmedia&parent=39927"}],"wp:term":[{"taxonomy":"category","embeddable":true,"href":"https:\/\/contraluzcucuta.co\/index.php?rest_route=%2Fwp%2Fv2%2Fcategories&post=39927"},{"taxonomy":"post_tag","embeddable":true,"href":"https:\/\/contraluzcucuta.co\/index.php?rest_route=%2Fwp%2Fv2%2Ftags&post=39927"}],"curies":[{"name":"wp","href":"https:\/\/api.w.org\/{rel}","templated":true}]}}