{"id":39922,"date":"2023-12-11T04:03:13","date_gmt":"2023-12-11T09:03:13","guid":{"rendered":"https:\/\/contraluzcucuta.co\/?p=39922"},"modified":"2023-12-11T04:03:13","modified_gmt":"2023-12-11T09:03:13","slug":"pamplones-en-el-exterior-somos-de-los-pocos-que-cocinan-en-el-paramo-yamid-avila","status":"publish","type":"post","link":"https:\/\/contraluzcucuta.co\/?p=39922","title":{"rendered":"PAMPLON\u00c9S EN EL EXTERIOR. Somos de los pocos que cocinan en el P\u00e1ramo: Yamid \u00c1vila"},"content":{"rendered":"<p style=\"padding-left: 40px; text-align: right;\"><strong><span style=\"color: #ff9900;\">C\u00daCUTA.- Yamid \u00c1vila vive en Pamplona (Norte de Santander). Un d\u00eda, encontr\u00f3 su herencia y se dio cuenta de que le gusta cocinar. Su inspiraci\u00f3n est\u00e1 en el P\u00e1ramo, en la selva de El Catatumbo, en su origen y todo lo que significa ser de Norte de Santander. Tiene 36 a\u00f1os.<\/span><\/strong><\/p>\n<p style=\"padding-left: 40px;\">Otro d\u00eda, recibi\u00f3 una carta, fecha en Washington. Asunto: Invitaci\u00f3n Plan de Promoci\u00f3n de Colombia en el Exterior. Procedencia: Embajada de Colombia en Estados Unidos. Objetivo: Participar en una actividad de gastronom\u00eda.<\/p>\n<p><a href=\"https:\/\/contraluzcucuta.co\/wp-content\/uploads\/2023\/12\/YAMID-AVILA-1.jpeg\"><img loading=\"lazy\" decoding=\"async\" class=\"alignnone size-medium wp-image-39924 alignleft\" src=\"https:\/\/contraluzcucuta.co\/wp-content\/uploads\/2023\/12\/YAMID-AVILA-1-192x300.jpeg\" alt=\"\" width=\"192\" height=\"300\" srcset=\"https:\/\/contraluzcucuta.co\/wp-content\/uploads\/2023\/12\/YAMID-AVILA-1-192x300.jpeg 192w, https:\/\/contraluzcucuta.co\/wp-content\/uploads\/2023\/12\/YAMID-AVILA-1-600x935.jpeg 600w, https:\/\/contraluzcucuta.co\/wp-content\/uploads\/2023\/12\/YAMID-AVILA-1-657x1024.jpeg 657w, https:\/\/contraluzcucuta.co\/wp-content\/uploads\/2023\/12\/YAMID-AVILA-1-768x1197.jpeg 768w, https:\/\/contraluzcucuta.co\/wp-content\/uploads\/2023\/12\/YAMID-AVILA-1.jpeg 821w\" sizes=\"auto, (max-width: 192px) 100vw, 192px\" \/><\/a><\/p>\n<p><strong>\u00bfPor qu\u00e9 lo escogieron para esa ocasi\u00f3n?<\/strong><\/p>\n<p><em>&#8211; Nos dieron la oportunidad de participar, porque somos de las pocas personas en Colombia que cocinan en el P\u00e1ramo, que muestra la realidad de un ecosistema de altura.<\/em><\/p>\n<p>La reuni\u00f3n, en la que participaron socios de la Embajada, servir\u00eda como cierre de la jornada Acci\u00f3n Clim\u00e1tica Colombia y Estados Unidos \u2013 Una mirada global desde las regiones de Colombia. Los asistentes degustaron las delicias de las cocinas ind\u00edgena y ancestrales del Amazonas y del P\u00e1ramo, con el fin de resaltar la importancia de esos ecosistemas nacionales.<\/p>\n<p>Yamid es pamplon\u00e9s, naci\u00f3 el 11 de marzo de 1987. No prepara platos para llevarlos a la mesa. La diferencia est\u00e1 en que investiga para proponer experiencias con productos locales, sobre el territorio.<\/p>\n<p><strong>\u00bfD\u00f3nde le gustar\u00eda cocinar su mejor plato?<\/strong><\/p>\n<p><em>&#8211; Me gustar\u00eda ofrecer mi mejor experiencia en el P\u00e1ramo que habito, la posibilidad de mostrar lo que somos.<\/em><\/p>\n<p><a href=\"https:\/\/contraluzcucuta.co\/wp-content\/uploads\/2023\/12\/YAMID-AVILA-5.jpeg\"><img loading=\"lazy\" decoding=\"async\" class=\"alignnone size-medium wp-image-39925 alignleft\" src=\"https:\/\/contraluzcucuta.co\/wp-content\/uploads\/2023\/12\/YAMID-AVILA-5-300x225.jpeg\" alt=\"\" width=\"300\" height=\"225\" srcset=\"https:\/\/contraluzcucuta.co\/wp-content\/uploads\/2023\/12\/YAMID-AVILA-5-300x225.jpeg 300w, https:\/\/contraluzcucuta.co\/wp-content\/uploads\/2023\/12\/YAMID-AVILA-5-600x450.jpeg 600w, https:\/\/contraluzcucuta.co\/wp-content\/uploads\/2023\/12\/YAMID-AVILA-5-1024x768.jpeg 1024w, https:\/\/contraluzcucuta.co\/wp-content\/uploads\/2023\/12\/YAMID-AVILA-5-768x576.jpeg 768w, https:\/\/contraluzcucuta.co\/wp-content\/uploads\/2023\/12\/YAMID-AVILA-5-1536x1152.jpeg 1536w, https:\/\/contraluzcucuta.co\/wp-content\/uploads\/2023\/12\/YAMID-AVILA-5.jpeg 1600w\" sizes=\"auto, (max-width: 300px) 100vw, 300px\" \/><\/a><\/p>\n<p>El cocinar para el embajador Luis Gilberto Murillo y los invitados de diversas regiones del planeta le dej\u00f3 una grata experiencia. Ahora, debe continuar con el trabajo por visibilizar el departamento, para que el mundo dimensione lo que es y significa Norte de Santander como territorio biodiverso y cultural.<\/p>\n<p>Al momento de decidirse por una preparaci\u00f3n para proponerles a los comensales, se basa en el conocimiento proporcionado por su origen, las t\u00e9cnicas ancestrales, los productos locales y las temporalidades.<\/p>\n<p><strong>\u00bfEn su casa qui\u00e9n prepara los alimentos?<\/strong><\/p>\n<p><em>&#8211; En mi casa cocino yo, y comemos todos los que lleguen<\/em><\/p>\n<p><strong>\u00bfC\u00f3mo escoge el men\u00fa diario para la familia?<\/strong><\/p>\n<p><em>Cocinamos lo qu\u00e9 hay de temporada, lo que la tierra tiene para brindarnos.<\/em><\/p>\n<p>RAFAEL ANTONIO PAB\u00d3N<\/p>\n<p>rafaelpabon58@hotmail.com<\/p>\n<p>&nbsp;<\/p>\n","protected":false},"excerpt":{"rendered":"<p>C\u00daCUTA.- Yamid \u00c1vila vive en Pamplona (Norte de Santander). Un d\u00eda, encontr\u00f3 su herencia y se dio cuenta de que le gusta cocinar. Su inspiraci\u00f3n est\u00e1 en el P\u00e1ramo, en la selva de El Catatumbo, en su origen y todo lo que significa ser de Norte de Santander. Tiene 36 a\u00f1os. Otro d\u00eda, recibi\u00f3 una &hellip;<\/p>\n","protected":false},"author":1,"featured_media":39923,"comment_status":"open","ping_status":"open","sticky":false,"template":"","format":"standard","meta":{"footnotes":""},"categories":[45,4],"tags":[5904,5901,5903,5902],"class_list":["post-39922","post","type-post","status-publish","format-standard","has-post-thumbnail","hentry","category-destacado","category-barra","tag-accion-climatica-colombia","tag-del-paramo","tag-embajada-de-colombia","tag-yamid-avila"],"_links":{"self":[{"href":"https:\/\/contraluzcucuta.co\/index.php?rest_route=\/wp\/v2\/posts\/39922","targetHints":{"allow":["GET"]}}],"collection":[{"href":"https:\/\/contraluzcucuta.co\/index.php?rest_route=\/wp\/v2\/posts"}],"about":[{"href":"https:\/\/contraluzcucuta.co\/index.php?rest_route=\/wp\/v2\/types\/post"}],"author":[{"embeddable":true,"href":"https:\/\/contraluzcucuta.co\/index.php?rest_route=\/wp\/v2\/users\/1"}],"replies":[{"embeddable":true,"href":"https:\/\/contraluzcucuta.co\/index.php?rest_route=%2Fwp%2Fv2%2Fcomments&post=39922"}],"version-history":[{"count":1,"href":"https:\/\/contraluzcucuta.co\/index.php?rest_route=\/wp\/v2\/posts\/39922\/revisions"}],"predecessor-version":[{"id":39926,"href":"https:\/\/contraluzcucuta.co\/index.php?rest_route=\/wp\/v2\/posts\/39922\/revisions\/39926"}],"wp:featuredmedia":[{"embeddable":true,"href":"https:\/\/contraluzcucuta.co\/index.php?rest_route=\/wp\/v2\/media\/39923"}],"wp:attachment":[{"href":"https:\/\/contraluzcucuta.co\/index.php?rest_route=%2Fwp%2Fv2%2Fmedia&parent=39922"}],"wp:term":[{"taxonomy":"category","embeddable":true,"href":"https:\/\/contraluzcucuta.co\/index.php?rest_route=%2Fwp%2Fv2%2Fcategories&post=39922"},{"taxonomy":"post_tag","embeddable":true,"href":"https:\/\/contraluzcucuta.co\/index.php?rest_route=%2Fwp%2Fv2%2Ftags&post=39922"}],"curies":[{"name":"wp","href":"https:\/\/api.w.org\/{rel}","templated":true}]}}