{"id":39917,"date":"2023-12-11T03:47:51","date_gmt":"2023-12-11T08:47:51","guid":{"rendered":"https:\/\/contraluzcucuta.co\/?p=39917"},"modified":"2023-12-11T03:47:51","modified_gmt":"2023-12-11T08:47:51","slug":"la-w-fin-de-semana-hay-unas-franquicias-malevolas-de-secuestradores-luis-f-nino","status":"publish","type":"post","link":"https:\/\/contraluzcucuta.co\/?p=39917","title":{"rendered":"LA W FIN DE SEMANA. \u201cHay unas franquicias mal\u00e9volas de secuestradores\u201d: Luis F. Ni\u00f1o"},"content":{"rendered":"<p style=\"padding-left: 40px; text-align: right;\"><strong><span style=\"color: #ff9900;\">C\u00daCUTA.- En Norte de Santander no hay solo 29 secuestrados son m\u00e1s, dijo de manera tajante el comisionado de paz regional Luis Fernando Ni\u00f1o en di\u00e1logo con los periodistas de la W Fin de Semana. \u201cEst\u00e1n secuestrados por diferentes organizaciones que operan en este territorio\u201d. Se lament\u00f3, porque el departamento \u201ctiene todos los factores de desestabilizaci\u00f3n propios de un conflicto armado que se ha degradado\u201d.<\/span><\/strong><\/p>\n<p><a href=\"https:\/\/contraluzcucuta.co\/wp-content\/uploads\/2023\/12\/DIPLOMADO-10.jpeg\"><img loading=\"lazy\" decoding=\"async\" class=\"alignnone size-medium wp-image-39919 alignleft\" src=\"https:\/\/contraluzcucuta.co\/wp-content\/uploads\/2023\/12\/DIPLOMADO-10-300x225.jpeg\" alt=\"\" width=\"300\" height=\"225\" srcset=\"https:\/\/contraluzcucuta.co\/wp-content\/uploads\/2023\/12\/DIPLOMADO-10-300x225.jpeg 300w, https:\/\/contraluzcucuta.co\/wp-content\/uploads\/2023\/12\/DIPLOMADO-10-600x450.jpeg 600w, https:\/\/contraluzcucuta.co\/wp-content\/uploads\/2023\/12\/DIPLOMADO-10-1024x768.jpeg 1024w, https:\/\/contraluzcucuta.co\/wp-content\/uploads\/2023\/12\/DIPLOMADO-10-768x576.jpeg 768w, https:\/\/contraluzcucuta.co\/wp-content\/uploads\/2023\/12\/DIPLOMADO-10-1536x1152.jpeg 1536w, https:\/\/contraluzcucuta.co\/wp-content\/uploads\/2023\/12\/DIPLOMADO-10.jpeg 1600w\" sizes=\"auto, (max-width: 300px) 100vw, 300px\" \/><\/a><\/p>\n<p>Ni\u00f1o afirmo que la porosidad de la frontera hace m\u00e1s f\u00e1cil secuestrar a alguien de este lado y pasarlo a Venezuela para complicar las labores de inteligencia y de b\u00fasqueda \u201cMuchos de estos secuestros ocurr\u00edan, anteriormente, en las zonas de conflicto (El Catatumbo, Oca\u00f1a), ahora, suceden en el centro de C\u00facuta\u201d. Entre los plagiados record\u00f3 al comerciante de carnes y al m\u00e9dico de 80 a\u00f1os.<\/p>\n<p>A pesar de esta situaci\u00f3n, en Norte de Santander no se ve ni se escucha la reacci\u00f3n del Gobierno en rechazo de los casos ocurridos.<\/p>\n<p>Acerca de c\u00f3mo operan los grupos delincuenciales Luis Fernando Ni\u00f1o record\u00f3 que, antes, los grupos armados hac\u00edan inteligencia sobre los movimientos de la v\u00edctima, \u00a0\u00a0 que se supon\u00eda era de alto nivel econ\u00f3mico y pod\u00eda pagar el impuesto de guerra. Otros, casos eran los pol\u00edticos, tomados como fichas de negociaci\u00f3n con el Gobierno y doblegar al Estado frente a unas peticiones.<\/p>\n<p>\u201cAhora, estamos frente a grupos expresos, secuestros por horas. Son peque\u00f1as bandas que entregan secuestrados a grupos m\u00e1s grandes\u201d. Manifest\u00f3 que los \u00faltimos casos no han sido reivindicados, no hay una carta o un comunicado oficial dados a las familias manifest\u00e1ndoles el motivo del secuestro.<\/p>\n<p><a href=\"https:\/\/contraluzcucuta.co\/wp-content\/uploads\/2023\/12\/DIPLOMADO-5.jpeg\"><img loading=\"lazy\" decoding=\"async\" class=\"alignnone size-medium wp-image-39920 alignleft\" src=\"https:\/\/contraluzcucuta.co\/wp-content\/uploads\/2023\/12\/DIPLOMADO-5-300x225.jpeg\" alt=\"\" width=\"300\" height=\"225\" srcset=\"https:\/\/contraluzcucuta.co\/wp-content\/uploads\/2023\/12\/DIPLOMADO-5-300x225.jpeg 300w, https:\/\/contraluzcucuta.co\/wp-content\/uploads\/2023\/12\/DIPLOMADO-5-600x450.jpeg 600w, https:\/\/contraluzcucuta.co\/wp-content\/uploads\/2023\/12\/DIPLOMADO-5-1024x768.jpeg 1024w, https:\/\/contraluzcucuta.co\/wp-content\/uploads\/2023\/12\/DIPLOMADO-5-768x576.jpeg 768w, https:\/\/contraluzcucuta.co\/wp-content\/uploads\/2023\/12\/DIPLOMADO-5-1536x1152.jpeg 1536w, https:\/\/contraluzcucuta.co\/wp-content\/uploads\/2023\/12\/DIPLOMADO-5.jpeg 1600w\" sizes=\"auto, (max-width: 300px) 100vw, 300px\" \/><\/a><\/p>\n<p>\u201cSe tiende a suponer que hay unas franquicias mal\u00e9volas. Se vende el secuestrado a otra organizaci\u00f3n\u201d. Hasta cuando se d\u00e9 la reivindicaci\u00f3n la sospecha recae en los grupos que operan en la zona donde ocurre el hecho.<\/p>\n<p>Ni\u00f1o no cree que el financiamiento a la guerrilla sea la herramienta que pueda servir para detener el conflicto. \u201cNo, porque lo que puede surgir es que aumente el n\u00famero de secuestros\u201d.<\/p>\n<p>En torno a las mesas de di\u00e1logo que se adelantan en el departamento, el comisionado de paz dijo categ\u00f3ricamente que \u201cno nos han dejado participar, a pesar de que son amplias y participativas. Queremos decir que aqu\u00ed, en el departamento, hay tal situaci\u00f3n, necesitamos que nos den claridad sobre esto, necesitamos que nos digan si lo est\u00e1n haciendo o no\u201d.<\/p>\n<p>Pero no han podido expresarlo directamente en los grupos de trabajo, porque no les llegan convocatorias. \u201cNos toca esperar qu\u00e9 noticias del Gobierno nos dan. Lo que s\u00ed es cierto es que en el territorio seguimos bajo estas amenazas\u201d.<\/p>\n","protected":false},"excerpt":{"rendered":"<p>C\u00daCUTA.- En Norte de Santander no hay solo 29 secuestrados son m\u00e1s, dijo de manera tajante el comisionado de paz regional Luis Fernando Ni\u00f1o en di\u00e1logo con los periodistas de la W Fin de Semana. \u201cEst\u00e1n secuestrados por diferentes organizaciones que operan en este territorio\u201d. Se lament\u00f3, porque el departamento \u201ctiene todos los factores de &hellip;<\/p>\n","protected":false},"author":1,"featured_media":39918,"comment_status":"open","ping_status":"open","sticky":false,"template":"","format":"standard","meta":{"footnotes":""},"categories":[11,4],"tags":[2893,5899,2683,5900],"class_list":["post-39917","post","type-post","status-publish","format-standard","has-post-thumbnail","hentry","category-cronica-roja","category-barra","tag-cronica-roja","tag-la-w","tag-luis-fernando-nino","tag-secuestro-en-norte-de-santander"],"_links":{"self":[{"href":"https:\/\/contraluzcucuta.co\/index.php?rest_route=\/wp\/v2\/posts\/39917","targetHints":{"allow":["GET"]}}],"collection":[{"href":"https:\/\/contraluzcucuta.co\/index.php?rest_route=\/wp\/v2\/posts"}],"about":[{"href":"https:\/\/contraluzcucuta.co\/index.php?rest_route=\/wp\/v2\/types\/post"}],"author":[{"embeddable":true,"href":"https:\/\/contraluzcucuta.co\/index.php?rest_route=\/wp\/v2\/users\/1"}],"replies":[{"embeddable":true,"href":"https:\/\/contraluzcucuta.co\/index.php?rest_route=%2Fwp%2Fv2%2Fcomments&post=39917"}],"version-history":[{"count":1,"href":"https:\/\/contraluzcucuta.co\/index.php?rest_route=\/wp\/v2\/posts\/39917\/revisions"}],"predecessor-version":[{"id":39921,"href":"https:\/\/contraluzcucuta.co\/index.php?rest_route=\/wp\/v2\/posts\/39917\/revisions\/39921"}],"wp:featuredmedia":[{"embeddable":true,"href":"https:\/\/contraluzcucuta.co\/index.php?rest_route=\/wp\/v2\/media\/39918"}],"wp:attachment":[{"href":"https:\/\/contraluzcucuta.co\/index.php?rest_route=%2Fwp%2Fv2%2Fmedia&parent=39917"}],"wp:term":[{"taxonomy":"category","embeddable":true,"href":"https:\/\/contraluzcucuta.co\/index.php?rest_route=%2Fwp%2Fv2%2Fcategories&post=39917"},{"taxonomy":"post_tag","embeddable":true,"href":"https:\/\/contraluzcucuta.co\/index.php?rest_route=%2Fwp%2Fv2%2Ftags&post=39917"}],"curies":[{"name":"wp","href":"https:\/\/api.w.org\/{rel}","templated":true}]}}