{"id":39909,"date":"2023-12-08T06:56:29","date_gmt":"2023-12-08T11:56:29","guid":{"rendered":"https:\/\/contraluzcucuta.co\/?p=39909"},"modified":"2023-12-08T06:56:29","modified_gmt":"2023-12-08T11:56:29","slug":"aerolinea-clic-cucuta-cartagena-en-temporada-de-fin-de-ano","status":"publish","type":"post","link":"https:\/\/contraluzcucuta.co\/?p=39909","title":{"rendered":"AEROL\u00cdNEA CLIC. C\u00facuta \u2013 Cartagena, en temporada de fin de a\u00f1o"},"content":{"rendered":"<p style=\"padding-left: 40px; text-align: right;\"><strong><span style=\"color: #ff9900;\">C\u00daCUTA.- Los cucute\u00f1os que deseen terminar el a\u00f1o o comenzar el 2024 en la playa tienen una nueva opci\u00f3n de desplazamiento. La aerol\u00ednea Clic ofrece para esta temporada la ruta C\u00facuta- Cartagena. El recorrido estar\u00e1 disponible a partir del 26 de diciembre hasta el 10 de enero, martes a domingo.<\/span><\/strong><\/p>\n<p><a href=\"https:\/\/contraluzcucuta.co\/wp-content\/uploads\/2023\/12\/CLIC-3.jpg\"><img loading=\"lazy\" decoding=\"async\" class=\"alignnone size-medium wp-image-39911 alignleft\" src=\"https:\/\/contraluzcucuta.co\/wp-content\/uploads\/2023\/12\/CLIC-3-300x225.jpg\" alt=\"\" width=\"300\" height=\"225\" srcset=\"https:\/\/contraluzcucuta.co\/wp-content\/uploads\/2023\/12\/CLIC-3-300x225.jpg 300w, https:\/\/contraluzcucuta.co\/wp-content\/uploads\/2023\/12\/CLIC-3.jpg 600w\" sizes=\"auto, (max-width: 300px) 100vw, 300px\" \/><\/a><\/p>\n<p style=\"text-align: left;\">Para el resto del pa\u00eds, la empresa ha dispuesto m\u00e1s de 5000 sillas desde y hacia Cartagena con cinco rutas directas.<\/p>\n<ol>\n<li>Ibagu\u00e9- Cartagena: martes, jueves y s\u00e1bados.<\/li>\n<li>Manizales- Cartagena: lunes, mi\u00e9rcoles, viernes y domingo.<\/li>\n<li>Bucaramanga- Cartagena: de lunes a domingo.<\/li>\n<\/ol>\n<p>A los clientes que adquieren el tiquete se les incluye equipaje de cabina de 5 kilogramos y bodega de hasta 15 kilogramos.<\/p>\n","protected":false},"excerpt":{"rendered":"<p>C\u00daCUTA.- Los cucute\u00f1os que deseen terminar el a\u00f1o o comenzar el 2024 en la playa tienen una nueva opci\u00f3n de desplazamiento. La aerol\u00ednea Clic ofrece para esta temporada la ruta C\u00facuta- Cartagena. El recorrido estar\u00e1 disponible a partir del 26 de diciembre hasta el 10 de enero, martes a domingo. Para el resto del pa\u00eds, &hellip;<\/p>\n","protected":false},"author":1,"featured_media":39910,"comment_status":"open","ping_status":"open","sticky":false,"template":"","format":"standard","meta":{"footnotes":""},"categories":[4,6],"tags":[5897,5898],"class_list":["post-39909","post","type-post","status-publish","format-standard","has-post-thumbnail","hentry","category-barra","category-ojo-avizor","tag-aerolinea-clic","tag-temporada-navidena"],"_links":{"self":[{"href":"https:\/\/contraluzcucuta.co\/index.php?rest_route=\/wp\/v2\/posts\/39909","targetHints":{"allow":["GET"]}}],"collection":[{"href":"https:\/\/contraluzcucuta.co\/index.php?rest_route=\/wp\/v2\/posts"}],"about":[{"href":"https:\/\/contraluzcucuta.co\/index.php?rest_route=\/wp\/v2\/types\/post"}],"author":[{"embeddable":true,"href":"https:\/\/contraluzcucuta.co\/index.php?rest_route=\/wp\/v2\/users\/1"}],"replies":[{"embeddable":true,"href":"https:\/\/contraluzcucuta.co\/index.php?rest_route=%2Fwp%2Fv2%2Fcomments&post=39909"}],"version-history":[{"count":1,"href":"https:\/\/contraluzcucuta.co\/index.php?rest_route=\/wp\/v2\/posts\/39909\/revisions"}],"predecessor-version":[{"id":39912,"href":"https:\/\/contraluzcucuta.co\/index.php?rest_route=\/wp\/v2\/posts\/39909\/revisions\/39912"}],"wp:featuredmedia":[{"embeddable":true,"href":"https:\/\/contraluzcucuta.co\/index.php?rest_route=\/wp\/v2\/media\/39910"}],"wp:attachment":[{"href":"https:\/\/contraluzcucuta.co\/index.php?rest_route=%2Fwp%2Fv2%2Fmedia&parent=39909"}],"wp:term":[{"taxonomy":"category","embeddable":true,"href":"https:\/\/contraluzcucuta.co\/index.php?rest_route=%2Fwp%2Fv2%2Fcategories&post=39909"},{"taxonomy":"post_tag","embeddable":true,"href":"https:\/\/contraluzcucuta.co\/index.php?rest_route=%2Fwp%2Fv2%2Ftags&post=39909"}],"curies":[{"name":"wp","href":"https:\/\/api.w.org\/{rel}","templated":true}]}}