{"id":39905,"date":"2023-12-08T06:41:05","date_gmt":"2023-12-08T11:41:05","guid":{"rendered":"https:\/\/contraluzcucuta.co\/?p=39905"},"modified":"2023-12-08T06:41:05","modified_gmt":"2023-12-08T11:41:05","slug":"exposicion-nombrar-las-palabras-silenciadas","status":"publish","type":"post","link":"https:\/\/contraluzcucuta.co\/?p=39905","title":{"rendered":"EXPOSICI\u00d3N. Nombrar las palabras silenciadas"},"content":{"rendered":"<p><em><strong>Responsables:<\/strong> \u00c9pica Ediciones y Fundaci\u00f3n Moiras<\/em><\/p>\n<p><em><strong>Tema:<\/strong> Poetas asesinados.<\/em><\/p>\n<p><em><strong>Objetivo:<\/strong> Rendir homenaje a 25 poetas colombianos<\/em><\/p>\n<p style=\"padding-left: 40px; text-align: right;\"><strong><span style=\"color: #ff9900;\">C\u00daCUTA.- Poetas asesinados en la \u00e9poca de la violencia, militares de la Guerra de los Mil D\u00edas, miembros de la Uni\u00f3n Patri\u00f3tica y del M 19, periodistas, compositores de m\u00fasica vallenata, directores de casas de la Cultura, fundadores de grupos de teatro y gestores culturales hacen parte de la exposici\u00f3n Nombrar las palabras silenciadas.<\/span><\/strong><\/p>\n<p><a href=\"https:\/\/contraluzcucuta.co\/wp-content\/uploads\/2023\/12\/NOMBRAR-LAS-PALABRAS-3.jpeg\"><img loading=\"lazy\" decoding=\"async\" class=\"alignnone size-medium wp-image-39907 alignleft\" src=\"https:\/\/contraluzcucuta.co\/wp-content\/uploads\/2023\/12\/NOMBRAR-LAS-PALABRAS-3-300x225.jpeg\" alt=\"\" width=\"300\" height=\"225\" srcset=\"https:\/\/contraluzcucuta.co\/wp-content\/uploads\/2023\/12\/NOMBRAR-LAS-PALABRAS-3-300x225.jpeg 300w, https:\/\/contraluzcucuta.co\/wp-content\/uploads\/2023\/12\/NOMBRAR-LAS-PALABRAS-3-600x450.jpeg 600w, https:\/\/contraluzcucuta.co\/wp-content\/uploads\/2023\/12\/NOMBRAR-LAS-PALABRAS-3-1024x768.jpeg 1024w, https:\/\/contraluzcucuta.co\/wp-content\/uploads\/2023\/12\/NOMBRAR-LAS-PALABRAS-3-768x576.jpeg 768w, https:\/\/contraluzcucuta.co\/wp-content\/uploads\/2023\/12\/NOMBRAR-LAS-PALABRAS-3-1536x1152.jpeg 1536w, https:\/\/contraluzcucuta.co\/wp-content\/uploads\/2023\/12\/NOMBRAR-LAS-PALABRAS-3.jpeg 1600w\" sizes=\"auto, (max-width: 300px) 100vw, 300px\" \/><\/a><\/p>\n<p>Entre esos 25 poetas, nacidos en diferentes lugares colombianos, destacan los nortesantandereanos Tirzo V\u00e9lez, Edwin L\u00f3pez, Gerson Gallardo y Pedro Cuadro Herrera. \u201cLa exposici\u00f3n busca acercarnos a la vida y obra de los poetas asesinados en Colombia\u201d, explic\u00f3 Sa\u00fal G\u00f3mez Mantilla, encargado de la muestra, que se presenta en la biblioteca p\u00fablica Julio P\u00e9rez Ferrero.<\/p>\n<p>Los asistentes podr\u00e1n leer algunos poemas, conocer de cerca la trayectoria y acercarse a algunos fragmentos de la obra por medio de tambores conversos bordados. \u201cEl bordado es algo \u00edntimo, como la escritura, o la lectura de poes\u00eda\u201d.<\/p>\n<p>La exposici\u00f3n es un ejercicio de conmemoraci\u00f3n, no de celebraci\u00f3n, dijo G\u00f3mez Mantilla. Hasta el s\u00e1bado, los visitantes a la sala ver\u00e1n los retablos con datos biogr\u00e1ficos de los poetas, apartes de los trabajos y el mapa de Colombia para se\u00f1alar el lugar de nacimiento y de muerte.<\/p>\n<p>Los asistentes recibir\u00e1n un tambor de bordado, tela e hilo, elegir\u00e1n un verso y lo bordar\u00e1n como ejercicio de memoria, de acercamiento a los autores. Los tambores se los queda cada uno de los que los trabaj\u00f3. \u201cAs\u00ed, los versos estar\u00e1n en muchas casas y har\u00e1n parte de la vida de los hogares\u201d, anot\u00f3 Sa\u00fal G\u00f3mez. La finalidad es que los nombres, la biograf\u00eda y la obra de los poetas no caigan en el olvido. Hacer un recorrido por la exposici\u00f3n es recorrer la historia nacional. \u201cAh\u00ed est\u00e1 Colombia inserta en la historia del pa\u00eds\u201d.<\/p>\n<p>El formato en el que se presentan los apartes de la obra es parecido a la primera plana de un peri\u00f3dico antiguo, por el color y el tipo de letra. De esa manera la muestra se ve diferente a las tradicionales y de la sensaci\u00f3n de leerse el diario de ayer.<\/p>\n","protected":false},"excerpt":{"rendered":"<p>Responsables: \u00c9pica Ediciones y Fundaci\u00f3n Moiras Tema: Poetas asesinados. Objetivo: Rendir homenaje a 25 poetas colombianos C\u00daCUTA.- Poetas asesinados en la \u00e9poca de la violencia, militares de la Guerra de los Mil D\u00edas, miembros de la Uni\u00f3n Patri\u00f3tica y del M 19, periodistas, compositores de m\u00fasica vallenata, directores de casas de la Cultura, fundadores de &hellip;<\/p>\n","protected":false},"author":1,"featured_media":39906,"comment_status":"open","ping_status":"open","sticky":false,"template":"","format":"standard","meta":{"footnotes":""},"categories":[45,4],"tags":[5894,5891,5892,5895,5889,2354,5890,5896,5893],"class_list":["post-39905","post","type-post","status-publish","format-standard","has-post-thumbnail","hentry","category-destacado","category-barra","tag-edwin-lopez","tag-epica-ediciones","tag-fundacion-moiras","tag-gerson-gallardo","tag-palabras-silenciadas","tag-pedro-cuadro-herrera","tag-poetas-asesinados","tag-saul-gomez-mantilla","tag-tirzo-velez"],"_links":{"self":[{"href":"https:\/\/contraluzcucuta.co\/index.php?rest_route=\/wp\/v2\/posts\/39905","targetHints":{"allow":["GET"]}}],"collection":[{"href":"https:\/\/contraluzcucuta.co\/index.php?rest_route=\/wp\/v2\/posts"}],"about":[{"href":"https:\/\/contraluzcucuta.co\/index.php?rest_route=\/wp\/v2\/types\/post"}],"author":[{"embeddable":true,"href":"https:\/\/contraluzcucuta.co\/index.php?rest_route=\/wp\/v2\/users\/1"}],"replies":[{"embeddable":true,"href":"https:\/\/contraluzcucuta.co\/index.php?rest_route=%2Fwp%2Fv2%2Fcomments&post=39905"}],"version-history":[{"count":1,"href":"https:\/\/contraluzcucuta.co\/index.php?rest_route=\/wp\/v2\/posts\/39905\/revisions"}],"predecessor-version":[{"id":39908,"href":"https:\/\/contraluzcucuta.co\/index.php?rest_route=\/wp\/v2\/posts\/39905\/revisions\/39908"}],"wp:featuredmedia":[{"embeddable":true,"href":"https:\/\/contraluzcucuta.co\/index.php?rest_route=\/wp\/v2\/media\/39906"}],"wp:attachment":[{"href":"https:\/\/contraluzcucuta.co\/index.php?rest_route=%2Fwp%2Fv2%2Fmedia&parent=39905"}],"wp:term":[{"taxonomy":"category","embeddable":true,"href":"https:\/\/contraluzcucuta.co\/index.php?rest_route=%2Fwp%2Fv2%2Fcategories&post=39905"},{"taxonomy":"post_tag","embeddable":true,"href":"https:\/\/contraluzcucuta.co\/index.php?rest_route=%2Fwp%2Fv2%2Ftags&post=39905"}],"curies":[{"name":"wp","href":"https:\/\/api.w.org\/{rel}","templated":true}]}}