{"id":39894,"date":"2023-12-07T04:48:39","date_gmt":"2023-12-07T09:48:39","guid":{"rendered":"https:\/\/contraluzcucuta.co\/?p=39894"},"modified":"2023-12-07T04:48:39","modified_gmt":"2023-12-07T09:48:39","slug":"dia-de-las-velitas-comienzan-las-festividades-de-fin-de-ano","status":"publish","type":"post","link":"https:\/\/contraluzcucuta.co\/?p=39894","title":{"rendered":"D\u00cdA DE LAS VELITAS. Comienzan las festividades de fin de a\u00f1o"},"content":{"rendered":"<p style=\"padding-left: 40px; text-align: right;\"><strong><span style=\"color: #ff9900;\">C\u00daCUTA.- El encendido de las velitas en los hogares cucute\u00f1os marca el comienzo de las festividades de fin de a\u00f1o. Las familias aprovechan la ocasi\u00f3n para reunirse y pasar uno de los momentos sublimes en las celebraciones religiosas. Velas, veladoras y faroles iluminan calles y avenidas como s\u00edmbolo de veneraci\u00f3n a la Inmaculada Concepci\u00f3n.<\/span><\/strong><\/p>\n<p>Este acto refrenda la fe y la esperanza en la Virgen Mar\u00eda. La tradici\u00f3n de encenderlas en la noche del 7 de diciembre est\u00e1 relacionada con la protecci\u00f3n y la gratitud por las bendiciones recibidas a lo largo del a\u00f1o.<\/p>\n<p>Los cat\u00f3licos conmemoran la anunciaci\u00f3n del Arc\u00e1ngel Gabriel a Mar\u00eda como la elegida por Dios para ser la madre de su \u00fanico hijo, a quien concibe por obra y gracia del Esp\u00edritu Santo.<\/p>\n<p>La costumbre es prender una vela por cada bien, don y gracia recibidas durante el a\u00f1o. En otras ocasiones, la pr\u00e1ctica busca pedir un deseo \u00edntimo de cada quien.<\/p>\n","protected":false},"excerpt":{"rendered":"<p>C\u00daCUTA.- El encendido de las velitas en los hogares cucute\u00f1os marca el comienzo de las festividades de fin de a\u00f1o. Las familias aprovechan la ocasi\u00f3n para reunirse y pasar uno de los momentos sublimes en las celebraciones religiosas. Velas, veladoras y faroles iluminan calles y avenidas como s\u00edmbolo de veneraci\u00f3n a la Inmaculada Concepci\u00f3n. Este &hellip;<\/p>\n","protected":false},"author":1,"featured_media":39895,"comment_status":"open","ping_status":"open","sticky":false,"template":"","format":"standard","meta":{"footnotes":""},"categories":[4,36],"tags":[5883,528,5884,5885],"class_list":["post-39894","post","type-post","status-publish","format-standard","has-post-thumbnail","hentry","category-barra","category-la-voz-del-pueblo","tag-dia-de-velitas","tag-noche-de-velitas","tag-tradicion-religiosa","tag-virgen-maria"],"_links":{"self":[{"href":"https:\/\/contraluzcucuta.co\/index.php?rest_route=\/wp\/v2\/posts\/39894","targetHints":{"allow":["GET"]}}],"collection":[{"href":"https:\/\/contraluzcucuta.co\/index.php?rest_route=\/wp\/v2\/posts"}],"about":[{"href":"https:\/\/contraluzcucuta.co\/index.php?rest_route=\/wp\/v2\/types\/post"}],"author":[{"embeddable":true,"href":"https:\/\/contraluzcucuta.co\/index.php?rest_route=\/wp\/v2\/users\/1"}],"replies":[{"embeddable":true,"href":"https:\/\/contraluzcucuta.co\/index.php?rest_route=%2Fwp%2Fv2%2Fcomments&post=39894"}],"version-history":[{"count":1,"href":"https:\/\/contraluzcucuta.co\/index.php?rest_route=\/wp\/v2\/posts\/39894\/revisions"}],"predecessor-version":[{"id":39896,"href":"https:\/\/contraluzcucuta.co\/index.php?rest_route=\/wp\/v2\/posts\/39894\/revisions\/39896"}],"wp:featuredmedia":[{"embeddable":true,"href":"https:\/\/contraluzcucuta.co\/index.php?rest_route=\/wp\/v2\/media\/39895"}],"wp:attachment":[{"href":"https:\/\/contraluzcucuta.co\/index.php?rest_route=%2Fwp%2Fv2%2Fmedia&parent=39894"}],"wp:term":[{"taxonomy":"category","embeddable":true,"href":"https:\/\/contraluzcucuta.co\/index.php?rest_route=%2Fwp%2Fv2%2Fcategories&post=39894"},{"taxonomy":"post_tag","embeddable":true,"href":"https:\/\/contraluzcucuta.co\/index.php?rest_route=%2Fwp%2Fv2%2Ftags&post=39894"}],"curies":[{"name":"wp","href":"https:\/\/api.w.org\/{rel}","templated":true}]}}