{"id":39881,"date":"2023-12-07T04:07:10","date_gmt":"2023-12-07T09:07:10","guid":{"rendered":"https:\/\/contraluzcucuta.co\/?p=39881"},"modified":"2023-12-07T04:07:10","modified_gmt":"2023-12-07T09:07:10","slug":"emergencia-en-el-tarrita-invias-pavimento-vias-de-acceso-a-puentes-metalicos","status":"publish","type":"post","link":"https:\/\/contraluzcucuta.co\/?p=39881","title":{"rendered":"EMERGENCIA EN EL TARRITA. Inv\u00edas paviment\u00f3 v\u00edas de acceso a puentes met\u00e1licos"},"content":{"rendered":"<p style=\"padding-left: 40px; text-align: right;\"><strong><span style=\"color: #ff9900;\">\u00c1BREGO \u2013 Norte de Santander.- El Inv\u00edas paviment\u00f3 370 metros de las v\u00edas de acceso a las dos estructuras met\u00e1licas instaladas en El Tarrita (Norte de Santander) para solventar la emergencia ocasionada por el invierno. El prop\u00f3sito es lograr mejor tr\u00e1nsito en el corredor vial Oca\u00f1a &#8211; Alto del Pozo.<\/span><\/strong><\/p>\n<p>El Instituto adecu\u00f3 el acceso a los dos puentes semipermanentes, ubicados en El Tarrita y El Turco, entre los kil\u00f3metros 51 y 49. La emergencia vial ocurri\u00f3 a finales de mayo.<\/p>\n<p><a href=\"https:\/\/contraluzcucuta.co\/wp-content\/uploads\/2023\/12\/EL-TARRITA-38.jpg\"><img loading=\"lazy\" decoding=\"async\" class=\"alignnone size-medium wp-image-39883 alignleft\" src=\"https:\/\/contraluzcucuta.co\/wp-content\/uploads\/2023\/12\/EL-TARRITA-38-300x138.jpg\" alt=\"\" width=\"300\" height=\"138\" srcset=\"https:\/\/contraluzcucuta.co\/wp-content\/uploads\/2023\/12\/EL-TARRITA-38-300x138.jpg 300w, https:\/\/contraluzcucuta.co\/wp-content\/uploads\/2023\/12\/EL-TARRITA-38-600x275.jpg 600w, https:\/\/contraluzcucuta.co\/wp-content\/uploads\/2023\/12\/EL-TARRITA-38-1024x469.jpg 1024w, https:\/\/contraluzcucuta.co\/wp-content\/uploads\/2023\/12\/EL-TARRITA-38-768x352.jpg 768w, https:\/\/contraluzcucuta.co\/wp-content\/uploads\/2023\/12\/EL-TARRITA-38.jpg 1200w\" sizes=\"auto, (max-width: 300px) 100vw, 300px\" \/><\/a><\/p>\n<p>Los trabajos se ejecutaron de la siguiente manera:<\/p>\n<ul>\n<li>Puente El Tarrita. Se pavimentaron 280 metros, 110 metros en la entrada y 170 metros en la salida.<\/li>\n<li>Puente El Turco. Se pavimentaron 90 metros y 45 metros, para un total de 370 metros.<\/li>\n<\/ul>\n<p>\u201cEl Inv\u00edas cumple el compromiso adquirido con el fin de mejorar la transitabilidad en la zona de la emergencia, un objetivo pactado con gremios y transportadores el mes anterior\u201d, dijo el subdirector de Gesti\u00f3n del Riesgo de la entidad, V\u00edctor Hugo R\u00edos.<\/p>\n<p>Los trabajos contin\u00faan con la instalaci\u00f3n de \u2018Bolsacreto\u2019 en los puntos cr\u00edticos para proteger la p\u00e9rdida de banca presentada.<\/p>\n","protected":false},"excerpt":{"rendered":"<p>\u00c1BREGO \u2013 Norte de Santander.- El Inv\u00edas paviment\u00f3 370 metros de las v\u00edas de acceso a las dos estructuras met\u00e1licas instaladas en El Tarrita (Norte de Santander) para solventar la emergencia ocasionada por el invierno. El prop\u00f3sito es lograr mejor tr\u00e1nsito en el corredor vial Oca\u00f1a &#8211; Alto del Pozo. El Instituto adecu\u00f3 el acceso &hellip;<\/p>\n","protected":false},"author":1,"featured_media":39882,"comment_status":"open","ping_status":"open","sticky":false,"template":"","format":"standard","meta":{"footnotes":""},"categories":[4,6],"tags":[5704,393],"class_list":["post-39881","post","type-post","status-publish","format-standard","has-post-thumbnail","hentry","category-barra","category-ojo-avizor","tag-emergencia-en-el-tarrita","tag-invias"],"_links":{"self":[{"href":"https:\/\/contraluzcucuta.co\/index.php?rest_route=\/wp\/v2\/posts\/39881","targetHints":{"allow":["GET"]}}],"collection":[{"href":"https:\/\/contraluzcucuta.co\/index.php?rest_route=\/wp\/v2\/posts"}],"about":[{"href":"https:\/\/contraluzcucuta.co\/index.php?rest_route=\/wp\/v2\/types\/post"}],"author":[{"embeddable":true,"href":"https:\/\/contraluzcucuta.co\/index.php?rest_route=\/wp\/v2\/users\/1"}],"replies":[{"embeddable":true,"href":"https:\/\/contraluzcucuta.co\/index.php?rest_route=%2Fwp%2Fv2%2Fcomments&post=39881"}],"version-history":[{"count":1,"href":"https:\/\/contraluzcucuta.co\/index.php?rest_route=\/wp\/v2\/posts\/39881\/revisions"}],"predecessor-version":[{"id":39884,"href":"https:\/\/contraluzcucuta.co\/index.php?rest_route=\/wp\/v2\/posts\/39881\/revisions\/39884"}],"wp:featuredmedia":[{"embeddable":true,"href":"https:\/\/contraluzcucuta.co\/index.php?rest_route=\/wp\/v2\/media\/39882"}],"wp:attachment":[{"href":"https:\/\/contraluzcucuta.co\/index.php?rest_route=%2Fwp%2Fv2%2Fmedia&parent=39881"}],"wp:term":[{"taxonomy":"category","embeddable":true,"href":"https:\/\/contraluzcucuta.co\/index.php?rest_route=%2Fwp%2Fv2%2Fcategories&post=39881"},{"taxonomy":"post_tag","embeddable":true,"href":"https:\/\/contraluzcucuta.co\/index.php?rest_route=%2Fwp%2Fv2%2Ftags&post=39881"}],"curies":[{"name":"wp","href":"https:\/\/api.w.org\/{rel}","templated":true}]}}