{"id":39812,"date":"2023-12-02T04:42:50","date_gmt":"2023-12-02T09:42:50","guid":{"rendered":"https:\/\/contraluzcucuta.co\/?p=39812"},"modified":"2023-12-02T04:42:50","modified_gmt":"2023-12-02T09:42:50","slug":"figuras-y-luces-led-bienvenida-navidad","status":"publish","type":"post","link":"https:\/\/contraluzcucuta.co\/?p=39812","title":{"rendered":"FIGURAS Y LUCES LED. \u00a1Bienvenida, Navidad!"},"content":{"rendered":"<p style=\"padding-left: 40px; text-align: right;\"><strong><span style=\"color: #ff9900;\">C\u00daCUTA.- \u00a0En el Parque Santander se dio la largada a la \u2018Ruta Navide\u00f1a 2023\u2019. La iniciativa llevar\u00e1 alegr\u00eda y colorido a los habitantes de la ciudad y a los turistas que la visiten durante las fiestas decembrinas. La llegada de la temporada de fin de a\u00f1o permite que la esperanza brille y el esp\u00edritu navide\u00f1o renazca en las familias.<\/span><\/strong><\/p>\n<p><a href=\"https:\/\/contraluzcucuta.co\/wp-content\/uploads\/2023\/12\/NAVIDAD-2.jpeg\"><img loading=\"lazy\" decoding=\"async\" class=\"alignnone size-medium wp-image-39814 alignleft\" src=\"https:\/\/contraluzcucuta.co\/wp-content\/uploads\/2023\/12\/NAVIDAD-2-200x300.jpeg\" alt=\"\" width=\"200\" height=\"300\" srcset=\"https:\/\/contraluzcucuta.co\/wp-content\/uploads\/2023\/12\/NAVIDAD-2-200x300.jpeg 200w, https:\/\/contraluzcucuta.co\/wp-content\/uploads\/2023\/12\/NAVIDAD-2-600x900.jpeg 600w, https:\/\/contraluzcucuta.co\/wp-content\/uploads\/2023\/12\/NAVIDAD-2.jpeg 683w\" sizes=\"auto, (max-width: 200px) 100vw, 200px\" \/><\/a><\/p>\n<p>M\u00e1s de 300 figuras volum\u00e9tricas y un mill\u00f3n de luces led con tecnolog\u00eda de punta ambientar\u00e1n, iluminar\u00e1n y dar\u00e1n el toque m\u00e1gico a 18 lugares ic\u00f3nicos de la ciudad. Las figuras estar\u00e1n en el Parque Santander, Alcald\u00eda de C\u00facuta, Catedral Metropolitana, Iglesia Perpetuo Socorro, Diagonal Santander, Cristo Rey, Avenida Juan Atalaya, Polic\u00eda Metropolitana, Biblioteca P\u00fablica, Avenida Cero, Paseo Rojo y Negro, iglesia y parque de San Luis, parques de Prados del Este, Prados Norte, La Biblia (Los Pinos), Alfonso L\u00f3pez y Playa.<\/p>\n<p>Las figuras fueron elaboradas por artesanos, soldadores y madres cabeza de familia. El objetivo fue promover la reactivaci\u00f3n econ\u00f3mica de la ciudad y generar empleo.<\/p>\n<p>La \u2018Ruta Navide\u00f1a 2023\u2019 estar\u00e1 disponible para el p\u00fablico hasta enero del 2024. Estas ser\u00e1n algunas de las actividades para el disfrute y goce de todos:<\/p>\n<p><strong>8 de diciembre<\/strong> \u2013 Talento al Barrio \u2018D\u00eda de Velitas\u2019.<\/p>\n<p><strong>13 de diciembre<\/strong> \u2013 Presentaci\u00f3n Ruta Patrimonial en la Torre del Reloj.<\/p>\n<p><strong>15 de diciembre<\/strong> \u2013 Muestras art\u00edsticas. Orquestas Billos y Manuel Alvarado, en el Parque Santander.<\/p>\n<p><strong>16 de diciembre<\/strong> \u2013 Paradas navide\u00f1as, espect\u00e1culos musicales en vivo, bandas y DJ, en el Parque Santander.<\/p>\n<p><strong>17 de diciembre<\/strong> \u2013 Feria gastron\u00f3mica en el centro comercial Ventura Plaza.<\/p>\n","protected":false},"excerpt":{"rendered":"<p>C\u00daCUTA.- \u00a0En el Parque Santander se dio la largada a la \u2018Ruta Navide\u00f1a 2023\u2019. La iniciativa llevar\u00e1 alegr\u00eda y colorido a los habitantes de la ciudad y a los turistas que la visiten durante las fiestas decembrinas. La llegada de la temporada de fin de a\u00f1o permite que la esperanza brille y el esp\u00edritu navide\u00f1o &hellip;<\/p>\n","protected":false},"author":1,"featured_media":39813,"comment_status":"open","ping_status":"open","sticky":false,"template":"","format":"standard","meta":{"footnotes":""},"categories":[2625,4],"tags":[226,5864,5863],"class_list":["post-39812","post","type-post","status-publish","format-standard","has-post-thumbnail","hentry","category-alcaldia-de-cucuta","category-barra","tag-alcaldia-de-cucuta","tag-luces-y-colores","tag-navidad-2023"],"_links":{"self":[{"href":"https:\/\/contraluzcucuta.co\/index.php?rest_route=\/wp\/v2\/posts\/39812","targetHints":{"allow":["GET"]}}],"collection":[{"href":"https:\/\/contraluzcucuta.co\/index.php?rest_route=\/wp\/v2\/posts"}],"about":[{"href":"https:\/\/contraluzcucuta.co\/index.php?rest_route=\/wp\/v2\/types\/post"}],"author":[{"embeddable":true,"href":"https:\/\/contraluzcucuta.co\/index.php?rest_route=\/wp\/v2\/users\/1"}],"replies":[{"embeddable":true,"href":"https:\/\/contraluzcucuta.co\/index.php?rest_route=%2Fwp%2Fv2%2Fcomments&post=39812"}],"version-history":[{"count":1,"href":"https:\/\/contraluzcucuta.co\/index.php?rest_route=\/wp\/v2\/posts\/39812\/revisions"}],"predecessor-version":[{"id":39815,"href":"https:\/\/contraluzcucuta.co\/index.php?rest_route=\/wp\/v2\/posts\/39812\/revisions\/39815"}],"wp:featuredmedia":[{"embeddable":true,"href":"https:\/\/contraluzcucuta.co\/index.php?rest_route=\/wp\/v2\/media\/39813"}],"wp:attachment":[{"href":"https:\/\/contraluzcucuta.co\/index.php?rest_route=%2Fwp%2Fv2%2Fmedia&parent=39812"}],"wp:term":[{"taxonomy":"category","embeddable":true,"href":"https:\/\/contraluzcucuta.co\/index.php?rest_route=%2Fwp%2Fv2%2Fcategories&post=39812"},{"taxonomy":"post_tag","embeddable":true,"href":"https:\/\/contraluzcucuta.co\/index.php?rest_route=%2Fwp%2Fv2%2Ftags&post=39812"}],"curies":[{"name":"wp","href":"https:\/\/api.w.org\/{rel}","templated":true}]}}