{"id":39803,"date":"2023-12-01T03:34:53","date_gmt":"2023-12-01T08:34:53","guid":{"rendered":"https:\/\/contraluzcucuta.co\/?p=39803"},"modified":"2023-12-01T03:34:53","modified_gmt":"2023-12-01T08:34:53","slug":"cucuta-en-positivo-noticias-para-cambiarle-la-cara-a-la-ciudad","status":"publish","type":"post","link":"https:\/\/contraluzcucuta.co\/?p=39803","title":{"rendered":"C\u00daCUTA EN POSITIVO. Noticias para cambiarle la cara a la ciudad"},"content":{"rendered":"<p style=\"padding-left: 40px; text-align: right;\"><strong><span style=\"color: #ff9900;\">C\u00daCUTA.- Pregunta capciosa. \u00bfQu\u00e9 tienen en com\u00fan un constructor de aviones, un empresario, una ni\u00f1a emprendedora, un comunicador social, un innovador ambiental y Los Hijos del Cuj\u00ed? Respuesta verdadera: Juntos generan noticias positivas para cambiarle la cara a C\u00facuta.<\/span><\/strong><\/p>\n<p>El encuentro se cumpli\u00f3 en la Universidad Sim\u00f3n Bol\u00edvar, a instancias de las fundaciones El Cinco a las Cinco y Procucuta. Es la segunda versi\u00f3n del ejercicio, que tiene como objetivo sacar a los habitantes de la capital de Norte de Santander, por un instante, de las informaciones escandalosas y judiciales.<\/p>\n<p>El empresario Arvey Duque dio la buena nueva acerca de la refiner\u00eda de aceite que tendr\u00e1 esta ciudad y que ser\u00e1 la m\u00e1s grande de Latinoam\u00e9rica. Este 1 de diciembre emprender\u00e1 el viaje hacia el exterior en busca de asesor\u00eda para hacer realidad el proyecto. \u201cTodo es posible, los l\u00edmites solo est\u00e1n en la mente\u201d, es el lema con el que partir\u00e1 y que lo motiva para ver cumplidos los sue\u00f1os.<\/p>\n<p><a href=\"https:\/\/contraluzcucuta.co\/wp-content\/uploads\/2023\/12\/NOTICIAS-6.jpeg\"><img loading=\"lazy\" decoding=\"async\" class=\"alignnone size-medium wp-image-39805 alignleft\" src=\"https:\/\/contraluzcucuta.co\/wp-content\/uploads\/2023\/12\/NOTICIAS-6-225x300.jpeg\" alt=\"\" width=\"225\" height=\"300\" srcset=\"https:\/\/contraluzcucuta.co\/wp-content\/uploads\/2023\/12\/NOTICIAS-6-225x300.jpeg 225w, https:\/\/contraluzcucuta.co\/wp-content\/uploads\/2023\/12\/NOTICIAS-6-600x800.jpeg 600w, https:\/\/contraluzcucuta.co\/wp-content\/uploads\/2023\/12\/NOTICIAS-6-768x1024.jpeg 768w, https:\/\/contraluzcucuta.co\/wp-content\/uploads\/2023\/12\/NOTICIAS-6.jpeg 960w\" sizes=\"auto, (max-width: 225px) 100vw, 225px\" \/><\/a><\/p>\n<p>El One Back naci\u00f3 en C\u00facuta y a pesar de las dificultades encontradas en el camino para que los inversores locales lo apoyen, en otros pa\u00edses ha despertado inter\u00e9s y no pueden creer que ese bolso sea elaborado con partes de llantas de carro. \u201cEl usuario cucute\u00f1o no valora el producto. No les llama la atenci\u00f3n. En el exterior, no lo pueden creer\u201d, dijo \u00c1ngel Boh\u00f3rquez, el hombre que est\u00e1 detr\u00e1s de este producto innovador.<\/p>\n<p>Hace 40 a\u00f1os, a Richard Villamizar los precios elevados de los juguetes lo llevaron a construir un avi\u00f3n peque\u00f1ito para divertirse. Ah\u00ed, naci\u00f3 la que ahora es la empresa constructora de aeronaves, con sede en Villa del Rosario. Aprendi\u00f3 a dise\u00f1ar, armar, ensamblar y pilotar los aviones que en el mercado nacional pueden alcanzar precios que oscilan entre $ 480 millones y $ 500 millones. En Estados Unidos cuestan hasta 150.000 d\u00f3lares.<\/p>\n<p>Ha participado en la producci\u00f3n de 237 unidades y tiene listo el \u00faltimo modelo. Lo llama Twin Centauro, est\u00e1 capacitado para transportar pasajeros, convertirse en avi\u00f3n de carga y si lo necesitan puede ser una ambulancia. Es liviano, trabaja con gasolina de carros y alcanza velocidad de 220 kil\u00f3metros por hora. Necesita socios para ponerlo a volar.<\/p>\n<p>En la escuela, mientras cursaba los primeros a\u00f1os de primaria, Eidar Jim\u00e9nez comenz\u00f3 a bailar. Eran los d\u00edas en el colegio Ni\u00f1o Jes\u00fas de Praga. Pasado el tiempo, ingres\u00f3 a la Universidad de Pamplona y al Sena para convertirse en instructor y formador de artistas.<\/p>\n<p><a href=\"https:\/\/contraluzcucuta.co\/wp-content\/uploads\/2023\/12\/NOTICIAS-4.jpeg\"><img loading=\"lazy\" decoding=\"async\" class=\"alignnone size-medium wp-image-39806 alignleft\" src=\"https:\/\/contraluzcucuta.co\/wp-content\/uploads\/2023\/12\/NOTICIAS-4-300x225.jpeg\" alt=\"\" width=\"300\" height=\"225\" srcset=\"https:\/\/contraluzcucuta.co\/wp-content\/uploads\/2023\/12\/NOTICIAS-4-300x225.jpeg 300w, https:\/\/contraluzcucuta.co\/wp-content\/uploads\/2023\/12\/NOTICIAS-4-600x450.jpeg 600w, https:\/\/contraluzcucuta.co\/wp-content\/uploads\/2023\/12\/NOTICIAS-4-1024x768.jpeg 1024w, https:\/\/contraluzcucuta.co\/wp-content\/uploads\/2023\/12\/NOTICIAS-4-768x576.jpeg 768w, https:\/\/contraluzcucuta.co\/wp-content\/uploads\/2023\/12\/NOTICIAS-4.jpeg 1280w\" sizes=\"auto, (max-width: 300px) 100vw, 300px\" \/><\/a><\/p>\n<p>Los Hijos del Cuj\u00ed es la agrupaci\u00f3n que orienta y gu\u00eda por estos d\u00edas. Los ni\u00f1os trabajan en el folclor y la danza social, declaman y versean, cuentan historias y trovan. Ismenia, Shayra, Juan Diego y Breiner son alumnos de Eidar y deleitan al p\u00fablico mientras bailan m\u00fasica campesina y son paisa.<\/p>\n<p>Isabela Ram\u00edrez, a temprana edad, es emprendedora. Elabora accesorios, personaliza mo\u00f1os, manillas, lapiceros y gorras. A esos productos les pone un toque especial para que los clientes queden satisfechos, como en todo negocio. La pandemia le despert\u00f3 ese esp\u00edritu creativo y sac\u00f3 provecho del mal uso del tapabocas.<\/p>\n<p>En las ventas le ha ido bien. La registradora suena cada vez que los amigos de la mam\u00e1 y del pap\u00e1, sus amigos y familiares adquieren los productos. Adem\u00e1s, participa en ferias para ganar compradores y agregar pesos a los sue\u00f1os de ni\u00f1a.<\/p>\n<p>Son noticias positivas, alejadas de esc\u00e1ndalos, robos, atracos, secuestros y muertes. En C\u00facuta hay informaciones que para muchos pasan inadvertidas, pero que Patrocinio Ararat y Antonio R\u00edos quieren poner en la primera p\u00e1gina de la mente de los cucute\u00f1os.<\/p>\n<p>RAFAEL ANTONIO PAB\u00d3N<\/p>\n<p><a href=\"mailto:rafaelpabon58@hotmail.com\">rafaelpabon58@hotmail.com<\/a><\/p>\n","protected":false},"excerpt":{"rendered":"<p>C\u00daCUTA.- Pregunta capciosa. \u00bfQu\u00e9 tienen en com\u00fan un constructor de aviones, un empresario, una ni\u00f1a emprendedora, un comunicador social, un innovador ambiental y Los Hijos del Cuj\u00ed? Respuesta verdadera: Juntos generan noticias positivas para cambiarle la cara a C\u00facuta. El encuentro se cumpli\u00f3 en la Universidad Sim\u00f3n Bol\u00edvar, a instancias de las fundaciones El Cinco &hellip;<\/p>\n","protected":false},"author":1,"featured_media":39804,"comment_status":"open","ping_status":"open","sticky":false,"template":"","format":"standard","meta":{"footnotes":""},"categories":[45,4],"tags":[5859,1275,5860,4933,5843],"class_list":["post-39803","post","type-post","status-publish","format-standard","has-post-thumbnail","hentry","category-destacado","category-barra","tag-cucuta-en-positivo","tag-el-cinco-a-las-cinco","tag-noticias-positivas","tag-patrocinio-ararat","tag-procucuta"],"_links":{"self":[{"href":"https:\/\/contraluzcucuta.co\/index.php?rest_route=\/wp\/v2\/posts\/39803","targetHints":{"allow":["GET"]}}],"collection":[{"href":"https:\/\/contraluzcucuta.co\/index.php?rest_route=\/wp\/v2\/posts"}],"about":[{"href":"https:\/\/contraluzcucuta.co\/index.php?rest_route=\/wp\/v2\/types\/post"}],"author":[{"embeddable":true,"href":"https:\/\/contraluzcucuta.co\/index.php?rest_route=\/wp\/v2\/users\/1"}],"replies":[{"embeddable":true,"href":"https:\/\/contraluzcucuta.co\/index.php?rest_route=%2Fwp%2Fv2%2Fcomments&post=39803"}],"version-history":[{"count":1,"href":"https:\/\/contraluzcucuta.co\/index.php?rest_route=\/wp\/v2\/posts\/39803\/revisions"}],"predecessor-version":[{"id":39807,"href":"https:\/\/contraluzcucuta.co\/index.php?rest_route=\/wp\/v2\/posts\/39803\/revisions\/39807"}],"wp:featuredmedia":[{"embeddable":true,"href":"https:\/\/contraluzcucuta.co\/index.php?rest_route=\/wp\/v2\/media\/39804"}],"wp:attachment":[{"href":"https:\/\/contraluzcucuta.co\/index.php?rest_route=%2Fwp%2Fv2%2Fmedia&parent=39803"}],"wp:term":[{"taxonomy":"category","embeddable":true,"href":"https:\/\/contraluzcucuta.co\/index.php?rest_route=%2Fwp%2Fv2%2Fcategories&post=39803"},{"taxonomy":"post_tag","embeddable":true,"href":"https:\/\/contraluzcucuta.co\/index.php?rest_route=%2Fwp%2Fv2%2Ftags&post=39803"}],"curies":[{"name":"wp","href":"https:\/\/api.w.org\/{rel}","templated":true}]}}