{"id":39799,"date":"2023-12-01T03:21:48","date_gmt":"2023-12-01T08:21:48","guid":{"rendered":"https:\/\/contraluzcucuta.co\/?p=39799"},"modified":"2023-12-01T03:21:48","modified_gmt":"2023-12-01T08:21:48","slug":"paseo-cultural-biblioteca-publica-se-alista-para-el-2024","status":"publish","type":"post","link":"https:\/\/contraluzcucuta.co\/?p=39799","title":{"rendered":"PASEO CULTURAL. Biblioteca P\u00fablica se alista para el 2024"},"content":{"rendered":"<p style=\"padding-left: 40px; text-align: right;\"><strong><span style=\"color: #ff9900;\">C\u00daCUTA.- Los cucute\u00f1os amantes a la historia, los recuerdos y el repaso de hechos locales tendr\u00e1n dos salas para el disfrute de esos gustos. La biblioteca p\u00fablica Julio P\u00e9rez Ferrero abrir\u00e1 esos espacios para permitirles a habitantes y visitantes conocer aspectos desconocidos o rememorar aquellos que est\u00e1n refundidos en la mente.<\/span><\/strong><\/p>\n<p>Julio Garc\u00eda Herreros, director de la Biblioteca, anunci\u00f3 que el 14 de diciembre, como regalo de Navidad para la capital de Norte de Santander, se pondr\u00e1n al servicio de la comunidad estos espacios.<\/p>\n<p><a href=\"https:\/\/contraluzcucuta.co\/wp-content\/uploads\/2023\/12\/BIBLIOTECA-8.jpeg\"><img loading=\"lazy\" decoding=\"async\" class=\"alignnone size-medium wp-image-39801 alignleft\" src=\"https:\/\/contraluzcucuta.co\/wp-content\/uploads\/2023\/12\/BIBLIOTECA-8-300x225.jpeg\" alt=\"\" width=\"300\" height=\"225\" srcset=\"https:\/\/contraluzcucuta.co\/wp-content\/uploads\/2023\/12\/BIBLIOTECA-8-300x225.jpeg 300w, https:\/\/contraluzcucuta.co\/wp-content\/uploads\/2023\/12\/BIBLIOTECA-8-600x450.jpeg 600w, https:\/\/contraluzcucuta.co\/wp-content\/uploads\/2023\/12\/BIBLIOTECA-8-1024x768.jpeg 1024w, https:\/\/contraluzcucuta.co\/wp-content\/uploads\/2023\/12\/BIBLIOTECA-8-768x576.jpeg 768w, https:\/\/contraluzcucuta.co\/wp-content\/uploads\/2023\/12\/BIBLIOTECA-8-1536x1152.jpeg 1536w, https:\/\/contraluzcucuta.co\/wp-content\/uploads\/2023\/12\/BIBLIOTECA-8.jpeg 1600w\" sizes=\"auto, (max-width: 300px) 100vw, 300px\" \/><\/a><\/p>\n<p><strong>Sala uno.<\/strong> En ese sal\u00f3n, reacondicionado y acomodado para la ocasi\u00f3n, estar\u00e1 el acta de constituci\u00f3n de C\u00facuta. El documento aquel que firm\u00f3 do\u00f1a Juana Rangel de Cu\u00e9llar, el original, estar\u00e1 a la vista de los que deseen darles credibilidad a las historias que por siempre se han ense\u00f1ado.<\/p>\n<p>En los \u00faltimos d\u00edas se ha despertado un desencuentro de opiniones por la fecha de la constituci\u00f3n de C\u00facuta. Tradicionalmente, se ha hablado del 17 de junio de 1733. Silvano Pab\u00f3n refuta ese dato y lo corre al 20 de noviembre de 1734.<\/p>\n<p>Ac\u00e1, tambi\u00e9n, estar\u00e1 el cuadro de Marco Le\u00f3n Mari\u00f1o, que por a\u00f1os permaneci\u00f3 en el despacho del Alcalde. La Biblioteca lo recuper\u00f3 y lo pondr\u00e1 en exhibici\u00f3n. El busto en m\u00e1rmol de Juana Rangel de Cu\u00e9llar, tallado en Italia, ser\u00e1 otra de las reliquias que se apreciar\u00e1n en esa sala.<\/p>\n<p><strong>Sala dos.<\/strong> La estrella en este espacio es el Incunable, aquel libro que tiene una historia fascinante desde la escritura, en 1493; la llegada a la ciudad, en 1924, la intentona de venta, en el 2004; el valor asignado, cinco millones de d\u00f3lares, y el dep\u00f3sito final en la Biblioteca. Estar\u00e1 guardado en una urna de cristal para permitir que se vea y evitar que lo manoseen.<\/p>\n<p>\u201cEl objetivo es que los cucute\u00f1os se apropien de los patrimonios culturales\u201d, dijo Garc\u00eda Herreros.<\/p>\n<p>&nbsp;<\/p>\n<p><b>\u00a0<\/b><\/p>\n","protected":false},"excerpt":{"rendered":"<p>C\u00daCUTA.- Los cucute\u00f1os amantes a la historia, los recuerdos y el repaso de hechos locales tendr\u00e1n dos salas para el disfrute de esos gustos. La biblioteca p\u00fablica Julio P\u00e9rez Ferrero abrir\u00e1 esos espacios para permitirles a habitantes y visitantes conocer aspectos desconocidos o rememorar aquellos que est\u00e1n refundidos en la mente. Julio Garc\u00eda Herreros, director &hellip;<\/p>\n","protected":false},"author":1,"featured_media":39800,"comment_status":"open","ping_status":"open","sticky":false,"template":"","format":"standard","meta":{"footnotes":""},"categories":[4,37],"tags":[221,5858,4599],"class_list":["post-39799","post","type-post","status-publish","format-standard","has-post-thumbnail","hentry","category-barra","category-paseo-cultural","tag-biblioteca-publica","tag-julio-garcia-herreros","tag-paseo-cultural"],"_links":{"self":[{"href":"https:\/\/contraluzcucuta.co\/index.php?rest_route=\/wp\/v2\/posts\/39799","targetHints":{"allow":["GET"]}}],"collection":[{"href":"https:\/\/contraluzcucuta.co\/index.php?rest_route=\/wp\/v2\/posts"}],"about":[{"href":"https:\/\/contraluzcucuta.co\/index.php?rest_route=\/wp\/v2\/types\/post"}],"author":[{"embeddable":true,"href":"https:\/\/contraluzcucuta.co\/index.php?rest_route=\/wp\/v2\/users\/1"}],"replies":[{"embeddable":true,"href":"https:\/\/contraluzcucuta.co\/index.php?rest_route=%2Fwp%2Fv2%2Fcomments&post=39799"}],"version-history":[{"count":1,"href":"https:\/\/contraluzcucuta.co\/index.php?rest_route=\/wp\/v2\/posts\/39799\/revisions"}],"predecessor-version":[{"id":39802,"href":"https:\/\/contraluzcucuta.co\/index.php?rest_route=\/wp\/v2\/posts\/39799\/revisions\/39802"}],"wp:featuredmedia":[{"embeddable":true,"href":"https:\/\/contraluzcucuta.co\/index.php?rest_route=\/wp\/v2\/media\/39800"}],"wp:attachment":[{"href":"https:\/\/contraluzcucuta.co\/index.php?rest_route=%2Fwp%2Fv2%2Fmedia&parent=39799"}],"wp:term":[{"taxonomy":"category","embeddable":true,"href":"https:\/\/contraluzcucuta.co\/index.php?rest_route=%2Fwp%2Fv2%2Fcategories&post=39799"},{"taxonomy":"post_tag","embeddable":true,"href":"https:\/\/contraluzcucuta.co\/index.php?rest_route=%2Fwp%2Fv2%2Ftags&post=39799"}],"curies":[{"name":"wp","href":"https:\/\/api.w.org\/{rel}","templated":true}]}}