{"id":39787,"date":"2023-11-30T04:16:48","date_gmt":"2023-11-30T09:16:48","guid":{"rendered":"https:\/\/contraluzcucuta.co\/?p=39787"},"modified":"2023-11-30T04:16:48","modified_gmt":"2023-11-30T09:16:48","slug":"bienalsur-cucuta-entre-nosotros-y-los-otros-juntos-aparte","status":"publish","type":"post","link":"https:\/\/contraluzcucuta.co\/?p=39787","title":{"rendered":"BIENALSUR. C\u00facuta, Entre nosotros y los otros. Juntos aparte"},"content":{"rendered":"<p style=\"padding-left: 40px; text-align: right;\"><strong><span style=\"color: #ff9900;\">C\u00daCUTA.- Entre nosotros y los otros: Juntos Aparte, hace parte del proyecto cultural conjunto, desde el 2017, entre la Fundaci\u00f3n El Pilar (C\u00facuta) y Bienalsur. La muestra art\u00edstica estar\u00e1, del 1 de diciembre al 9 de febrero del 2024 en la Casa Am\u00e9rica de Madrid.<\/span><\/strong><\/p>\n<p><a href=\"https:\/\/contraluzcucuta.co\/wp-content\/uploads\/2023\/11\/BIENALSUR-1.jpg\"><img loading=\"lazy\" decoding=\"async\" class=\"alignnone size-medium wp-image-39789 alignleft\" src=\"https:\/\/contraluzcucuta.co\/wp-content\/uploads\/2023\/11\/BIENALSUR-1-300x200.jpg\" alt=\"\" width=\"300\" height=\"200\" srcset=\"https:\/\/contraluzcucuta.co\/wp-content\/uploads\/2023\/11\/BIENALSUR-1-300x200.jpg 300w, https:\/\/contraluzcucuta.co\/wp-content\/uploads\/2023\/11\/BIENALSUR-1-600x400.jpg 600w, https:\/\/contraluzcucuta.co\/wp-content\/uploads\/2023\/11\/BIENALSUR-1-1024x683.jpg 1024w, https:\/\/contraluzcucuta.co\/wp-content\/uploads\/2023\/11\/BIENALSUR-1-768x513.jpg 768w, https:\/\/contraluzcucuta.co\/wp-content\/uploads\/2023\/11\/BIENALSUR-1-1536x1025.jpg 1536w, https:\/\/contraluzcucuta.co\/wp-content\/uploads\/2023\/11\/BIENALSUR-1.jpg 1900w\" sizes=\"auto, (max-width: 300px) 100vw, 300px\" \/><\/a><\/p>\n<p>C\u00facuta y la frontera ser\u00e1n protagonistas desde diversos \u00e1ngulos.<\/p>\n<ol>\n<li>Alex Brahim, comisario y director de proyectos culturales, estar\u00e1 al frente de la muestra.<\/li>\n<li>La mexicana Teresa Margolles presenta la obra, resultado del trabajo que hizo en C\u00facuta<\/li>\n<li><em>Casas<\/em>, del fot\u00f3grafo colombiano Daniel Ar\u00e9valo, es uno de los pocos documentos existentes sobre la demolici\u00f3n masiva ocurrida en Ure\u00f1a, especialmente, en agosto de 2015. Las letras R y D significaban Revisado, para alertar que all\u00ed habitaba una familia venezolana, y Derr\u00edbense, que se\u00f1alaba a las familias colombianas.<\/li>\n<\/ol>\n<p>La muestra re\u00fane a 24 artistas de 11 pa\u00edses. Algunos de los expositores son migrantes, trabajan el pensamiento fronterizo y las pr\u00e1cticas art\u00edsticas contempor\u00e1neas. Aluden a la migraci\u00f3n, la frontera, la movilidad y las nuevas oportunidades y horizontes de los migrantes.<\/p>\n","protected":false},"excerpt":{"rendered":"<p>C\u00daCUTA.- Entre nosotros y los otros: Juntos Aparte, hace parte del proyecto cultural conjunto, desde el 2017, entre la Fundaci\u00f3n El Pilar (C\u00facuta) y Bienalsur. La muestra art\u00edstica estar\u00e1, del 1 de diciembre al 9 de febrero del 2024 en la Casa Am\u00e9rica de Madrid. C\u00facuta y la frontera ser\u00e1n protagonistas desde diversos \u00e1ngulos. Alex &hellip;<\/p>\n","protected":false},"author":1,"featured_media":39788,"comment_status":"open","ping_status":"open","sticky":false,"template":"","format":"standard","meta":{"footnotes":""},"categories":[4,37],"tags":[5856,1691,5855],"class_list":["post-39787","post","type-post","status-publish","format-standard","has-post-thumbnail","hentry","category-barra","category-paseo-cultural","tag-bienalsur","tag-fundacion-el-pilar","tag-juntos-aparte"],"_links":{"self":[{"href":"https:\/\/contraluzcucuta.co\/index.php?rest_route=\/wp\/v2\/posts\/39787","targetHints":{"allow":["GET"]}}],"collection":[{"href":"https:\/\/contraluzcucuta.co\/index.php?rest_route=\/wp\/v2\/posts"}],"about":[{"href":"https:\/\/contraluzcucuta.co\/index.php?rest_route=\/wp\/v2\/types\/post"}],"author":[{"embeddable":true,"href":"https:\/\/contraluzcucuta.co\/index.php?rest_route=\/wp\/v2\/users\/1"}],"replies":[{"embeddable":true,"href":"https:\/\/contraluzcucuta.co\/index.php?rest_route=%2Fwp%2Fv2%2Fcomments&post=39787"}],"version-history":[{"count":1,"href":"https:\/\/contraluzcucuta.co\/index.php?rest_route=\/wp\/v2\/posts\/39787\/revisions"}],"predecessor-version":[{"id":39790,"href":"https:\/\/contraluzcucuta.co\/index.php?rest_route=\/wp\/v2\/posts\/39787\/revisions\/39790"}],"wp:featuredmedia":[{"embeddable":true,"href":"https:\/\/contraluzcucuta.co\/index.php?rest_route=\/wp\/v2\/media\/39788"}],"wp:attachment":[{"href":"https:\/\/contraluzcucuta.co\/index.php?rest_route=%2Fwp%2Fv2%2Fmedia&parent=39787"}],"wp:term":[{"taxonomy":"category","embeddable":true,"href":"https:\/\/contraluzcucuta.co\/index.php?rest_route=%2Fwp%2Fv2%2Fcategories&post=39787"},{"taxonomy":"post_tag","embeddable":true,"href":"https:\/\/contraluzcucuta.co\/index.php?rest_route=%2Fwp%2Fv2%2Ftags&post=39787"}],"curies":[{"name":"wp","href":"https:\/\/api.w.org\/{rel}","templated":true}]}}