{"id":39780,"date":"2023-11-30T04:06:11","date_gmt":"2023-11-30T09:06:11","guid":{"rendered":"https:\/\/contraluzcucuta.co\/?p=39780"},"modified":"2023-11-30T04:09:43","modified_gmt":"2023-11-30T09:09:43","slug":"en-voz-alta-hellen-florez-nina-con-alma-de-cientifica","status":"publish","type":"post","link":"https:\/\/contraluzcucuta.co\/?p=39780","title":{"rendered":"EN VOZ ALTA. Hellen Fl\u00f3rez: Ni\u00f1a con alma de cient\u00edfica"},"content":{"rendered":"<p style=\"padding-left: 40px; text-align: right;\"><strong><span style=\"color: #ff9900;\">C\u00daCUTA.- Ver a una ni\u00f1a vestida como astronauta despierta curiosidad. Escucharla como explica el trabajo que llev\u00f3 al Tecnoparque causa admiraci\u00f3n. Saber que tiene 11 a\u00f1os y que estuvo en la NASA produce envidia. Observar sobre la mesa que atiende la maqueta de un sistema de alarmas invita a la reflexi\u00f3n.<\/span><\/strong><\/p>\n<p><a href=\"https:\/\/contraluzcucuta.co\/wp-content\/uploads\/2023\/11\/HELLEN-10.jpeg\"><img loading=\"lazy\" decoding=\"async\" class=\"alignnone size-medium wp-image-39783 alignleft\" src=\"https:\/\/contraluzcucuta.co\/wp-content\/uploads\/2023\/11\/HELLEN-10-300x225.jpeg\" alt=\"\" width=\"300\" height=\"225\" srcset=\"https:\/\/contraluzcucuta.co\/wp-content\/uploads\/2023\/11\/HELLEN-10-300x225.jpeg 300w, https:\/\/contraluzcucuta.co\/wp-content\/uploads\/2023\/11\/HELLEN-10-600x450.jpeg 600w, https:\/\/contraluzcucuta.co\/wp-content\/uploads\/2023\/11\/HELLEN-10-1024x768.jpeg 1024w, https:\/\/contraluzcucuta.co\/wp-content\/uploads\/2023\/11\/HELLEN-10-768x576.jpeg 768w, https:\/\/contraluzcucuta.co\/wp-content\/uploads\/2023\/11\/HELLEN-10-1536x1152.jpeg 1536w, https:\/\/contraluzcucuta.co\/wp-content\/uploads\/2023\/11\/HELLEN-10.jpeg 1600w\" sizes=\"auto, (max-width: 300px) 100vw, 300px\" \/><\/a><\/p>\n<p>Hellen Gisell Fl\u00f3rez Santaf\u00e9 hab\u00eda cumplido 3 a\u00f1os cuando su natal San Bernardo de Bata (Toledo) sufri\u00f3 inundaciones por el desbordamiento del r\u00edo Margua. Corr\u00eda el 2015 y todav\u00eda no ten\u00eda uso de raz\u00f3n como para entender lo ocurrido. Sesenta familias perdieron bienes materiales por el embate del invierno.<\/p>\n<p>La ni\u00f1a comenz\u00f3 a crecer y a ver las necesidades de la comunidad. Inquieta por lo vivido, pens\u00f3 en las causas del desastre. Concluy\u00f3 que hubiera podido evitarse la tragedia si el pueblo contara con un sistema de alarmas para prevenir el peligro provocado por las inundaciones.<\/p>\n<p>Comenz\u00f3 a trabajar en la idea. Dos sensores, uno de nivel del agua y otro de la turbidez, ser\u00edan suficientes para alertar a los habitantes cercanos a los r\u00edos. En el 2022, las inundaciones arreciaron y apresuraron la aparici\u00f3n del proyecto. Ahora, con el prototipo bien elaborado, busca qui\u00e9n pueda aportar recursos para hacerlo realidad.<\/p>\n<p>El sistema ideado la catapult\u00f3 a la Nasa. All\u00ed, delante de cient\u00edficos gringos y de otras nacionalidades, habl\u00f3 en toledano para sustentar el trabajo. La versatilidad oral y el conocimiento del problema y la soluci\u00f3n la pusieron en segundo lugar entre 35 ni\u00f1as. El espaldarazo recibido la tiene ilusionada.<\/p>\n<p><a href=\"https:\/\/contraluzcucuta.co\/wp-content\/uploads\/2023\/11\/HELLEN-6.jpeg\"><img loading=\"lazy\" decoding=\"async\" class=\"alignnone size-medium wp-image-39785 alignleft\" src=\"https:\/\/contraluzcucuta.co\/wp-content\/uploads\/2023\/11\/HELLEN-6-300x296.jpeg\" alt=\"\" width=\"300\" height=\"296\" srcset=\"https:\/\/contraluzcucuta.co\/wp-content\/uploads\/2023\/11\/HELLEN-6-300x296.jpeg 300w, https:\/\/contraluzcucuta.co\/wp-content\/uploads\/2023\/11\/HELLEN-6-100x100.jpeg 100w, https:\/\/contraluzcucuta.co\/wp-content\/uploads\/2023\/11\/HELLEN-6-600x592.jpeg 600w, https:\/\/contraluzcucuta.co\/wp-content\/uploads\/2023\/11\/HELLEN-6-1024x1009.jpeg 1024w, https:\/\/contraluzcucuta.co\/wp-content\/uploads\/2023\/11\/HELLEN-6-768x757.jpeg 768w, https:\/\/contraluzcucuta.co\/wp-content\/uploads\/2023\/11\/HELLEN-6.jpeg 1200w\" sizes=\"auto, (max-width: 300px) 100vw, 300px\" \/><\/a><\/p>\n<p>\u201cQuer\u00eda hacer algo para prevenir, incluso, calamidades familiares\u201d, dijo para explicar el contenido del modelo que expuso en la Primera Muestra de Proyectos de Base Tecnol\u00f3gica, que organiz\u00f3 el Sena. \u201cMe gusta crear, antes hac\u00eda dibujos\u201d. Y de repente apareci\u00f3 el programa Ella es Astronauta, que le permiti\u00f3 capacitarse.<\/p>\n<p>En el 2022, desarroll\u00f3 algunos bosquejos con peque\u00f1os elementos. En este a\u00f1o, consigui\u00f3 el respaldo del Parque Sena para mejorar el proyecto.<\/p>\n<p>De la visita a la Nasa solo sabe que le encant\u00f3 la experiencia. \u201cFue grandioso ir a otro pa\u00eds, conocer culturas y tener nuevas experiencias\u201d. El sumergirse, durante un mes, en el mundo de la tecnolog\u00eda, \u201cfue impactante\u201d.<\/p>\n","protected":false},"excerpt":{"rendered":"<p>C\u00daCUTA.- Ver a una ni\u00f1a vestida como astronauta despierta curiosidad. Escucharla como explica el trabajo que llev\u00f3 al Tecnoparque causa admiraci\u00f3n. Saber que tiene 11 a\u00f1os y que estuvo en la NASA produce envidia. Observar sobre la mesa que atiende la maqueta de un sistema de alarmas invita a la reflexi\u00f3n. Hellen Gisell Fl\u00f3rez Santaf\u00e9 &hellip;<\/p>\n","protected":false},"author":1,"featured_media":39781,"comment_status":"open","ping_status":"open","sticky":false,"template":"","format":"standard","meta":{"footnotes":""},"categories":[45,4],"tags":[5854,5853,2264,2753],"class_list":["post-39780","post","type-post","status-publish","format-standard","has-post-thumbnail","hentry","category-destacado","category-barra","tag-astronauta-por-un-dia","tag-hellen-florez","tag-san-bernardo-de-bata","tag-tecnoparque-en-cucuta"],"_links":{"self":[{"href":"https:\/\/contraluzcucuta.co\/index.php?rest_route=\/wp\/v2\/posts\/39780","targetHints":{"allow":["GET"]}}],"collection":[{"href":"https:\/\/contraluzcucuta.co\/index.php?rest_route=\/wp\/v2\/posts"}],"about":[{"href":"https:\/\/contraluzcucuta.co\/index.php?rest_route=\/wp\/v2\/types\/post"}],"author":[{"embeddable":true,"href":"https:\/\/contraluzcucuta.co\/index.php?rest_route=\/wp\/v2\/users\/1"}],"replies":[{"embeddable":true,"href":"https:\/\/contraluzcucuta.co\/index.php?rest_route=%2Fwp%2Fv2%2Fcomments&post=39780"}],"version-history":[{"count":3,"href":"https:\/\/contraluzcucuta.co\/index.php?rest_route=\/wp\/v2\/posts\/39780\/revisions"}],"predecessor-version":[{"id":39786,"href":"https:\/\/contraluzcucuta.co\/index.php?rest_route=\/wp\/v2\/posts\/39780\/revisions\/39786"}],"wp:featuredmedia":[{"embeddable":true,"href":"https:\/\/contraluzcucuta.co\/index.php?rest_route=\/wp\/v2\/media\/39781"}],"wp:attachment":[{"href":"https:\/\/contraluzcucuta.co\/index.php?rest_route=%2Fwp%2Fv2%2Fmedia&parent=39780"}],"wp:term":[{"taxonomy":"category","embeddable":true,"href":"https:\/\/contraluzcucuta.co\/index.php?rest_route=%2Fwp%2Fv2%2Fcategories&post=39780"},{"taxonomy":"post_tag","embeddable":true,"href":"https:\/\/contraluzcucuta.co\/index.php?rest_route=%2Fwp%2Fv2%2Ftags&post=39780"}],"curies":[{"name":"wp","href":"https:\/\/api.w.org\/{rel}","templated":true}]}}