{"id":39773,"date":"2023-11-28T05:11:43","date_gmt":"2023-11-28T10:11:43","guid":{"rendered":"https:\/\/contraluzcucuta.co\/?p=39773"},"modified":"2023-11-28T05:14:55","modified_gmt":"2023-11-28T10:14:55","slug":"cronica-ligera-ya-me-gradue-dijo-el-hijo-bastante-que-nos-ha-costado-respondio-la-madre","status":"publish","type":"post","link":"https:\/\/contraluzcucuta.co\/?p=39773","title":{"rendered":"CR\u00d3NICA LIGERA.- \u201cYa me gradu\u00e9\u201d, dijo el hijo. \u201cBastante que nos ha costado\u201d, respondi\u00f3 la madre"},"content":{"rendered":"<p style=\"padding-left: 40px; text-align: right;\"><strong><span style=\"color: #ff9900;\">C\u00daCUTA.- El periodo acad\u00e9mico concluy\u00f3. Millares de ni\u00f1os terminan la primaria y se encarrilan para un proyecto de mayores esfuerzos y dedicaci\u00f3n. La alegr\u00eda por saber que habr\u00e1 un periodo de descanso, lejos de los libros y fuera del aula, se expresa y con gusto.<\/span><\/strong><\/p>\n<p>\u201cYa me gradu\u00e9\u201d, dijo el preadolescente que acaba de posar para las fotograf\u00edas del mosaico y que dan sustento para decir que la secundaria lo aguarda. En la sesi\u00f3n participaron 34 chiquillos, que recibir\u00e1n el respectivo cart\u00f3n dentro de unos d\u00edas. Pero hay que adelantar camino para no estar a las carreras de las \u00faltimas horas.<\/p>\n<p><a href=\"https:\/\/contraluzcucuta.co\/wp-content\/uploads\/2023\/11\/GRADO-PRIMARIA-6.jpeg\"><img loading=\"lazy\" decoding=\"async\" class=\"alignnone size-medium wp-image-39776 alignleft\" src=\"https:\/\/contraluzcucuta.co\/wp-content\/uploads\/2023\/11\/GRADO-PRIMARIA-6-300x225.jpeg\" alt=\"\" width=\"300\" height=\"225\" srcset=\"https:\/\/contraluzcucuta.co\/wp-content\/uploads\/2023\/11\/GRADO-PRIMARIA-6-300x225.jpeg 300w, https:\/\/contraluzcucuta.co\/wp-content\/uploads\/2023\/11\/GRADO-PRIMARIA-6-600x450.jpeg 600w, https:\/\/contraluzcucuta.co\/wp-content\/uploads\/2023\/11\/GRADO-PRIMARIA-6-1024x768.jpeg 1024w, https:\/\/contraluzcucuta.co\/wp-content\/uploads\/2023\/11\/GRADO-PRIMARIA-6-768x576.jpeg 768w, https:\/\/contraluzcucuta.co\/wp-content\/uploads\/2023\/11\/GRADO-PRIMARIA-6-1536x1152.jpeg 1536w, https:\/\/contraluzcucuta.co\/wp-content\/uploads\/2023\/11\/GRADO-PRIMARIA-6.jpeg 1600w\" sizes=\"auto, (max-width: 300px) 100vw, 300px\" \/><\/a><\/p>\n<p>La jornada estaba dividida en tres momentos.<\/p>\n<p><strong>Llegada.<\/strong> Los estudiantes luc\u00edan el uniforme de gala. Saludo cargado de emoci\u00f3n por volverse a ver. Qu\u00e9 importa si la \u00faltima clase fue hace ocho d\u00edas. Abrazos, carreras, gritos, comentarios, gracejos. Son ni\u00f1os los que est\u00e1n reunidos. La algarab\u00eda es en grado extremo.<\/p>\n<p><strong>Dos escenarios<\/strong>. Uno a uno, con la compa\u00f1\u00eda m\u00e1s de madres que de padres y uno que otro abuelo, desfilaron para la primera foto. La toga va terciada al hombro derecho, todav\u00eda sin birrete y el recuerdo que, seguro, recibir\u00e1n en el momento de la graduaci\u00f3n.<\/p>\n<p>De ah\u00ed, un oso, gigante, los aguardaba para la segunda foto. A pararse junto al peluche, ahora s\u00ed con la vestimenta que los hace ver elegantes y ceremoniosos. Los afanes corren por cuenta de los acudientes que quieren la mejor pose para el cr\u00edo. No por desconfianza, sino por seguridad, accionaron la c\u00e1mara del tel\u00e9fono celular y registraron ese instante.<\/p>\n<p><a href=\"https:\/\/contraluzcucuta.co\/wp-content\/uploads\/2023\/11\/GRADO-PRIMARIA-3.jpeg\"><img loading=\"lazy\" decoding=\"async\" class=\"alignnone size-medium wp-image-39778 alignleft\" src=\"https:\/\/contraluzcucuta.co\/wp-content\/uploads\/2023\/11\/GRADO-PRIMARIA-3-300x225.jpeg\" alt=\"\" width=\"300\" height=\"225\" srcset=\"https:\/\/contraluzcucuta.co\/wp-content\/uploads\/2023\/11\/GRADO-PRIMARIA-3-300x225.jpeg 300w, https:\/\/contraluzcucuta.co\/wp-content\/uploads\/2023\/11\/GRADO-PRIMARIA-3-600x450.jpeg 600w, https:\/\/contraluzcucuta.co\/wp-content\/uploads\/2023\/11\/GRADO-PRIMARIA-3-1024x768.jpeg 1024w, https:\/\/contraluzcucuta.co\/wp-content\/uploads\/2023\/11\/GRADO-PRIMARIA-3-768x576.jpeg 768w, https:\/\/contraluzcucuta.co\/wp-content\/uploads\/2023\/11\/GRADO-PRIMARIA-3-1536x1152.jpeg 1536w, https:\/\/contraluzcucuta.co\/wp-content\/uploads\/2023\/11\/GRADO-PRIMARIA-3.jpeg 1600w\" sizes=\"auto, (max-width: 300px) 100vw, 300px\" \/><\/a><\/p>\n<p><strong>Foto en grupo.<\/strong> La profesora Yarley se esforzaba por reunir a los alumnos para la foto general la del grupo, la de mandar a enmarcar. Llamado a lista. \u201cC\u00e1ceres, Duarte, Gamboa, G\u00f3mez, L\u00f3pez, Valencia y los hermanos Pab\u00f3n\u201d, de ah\u00ed hasta contar 34. Algunos atend\u00edan de inmediato, otros hac\u00edan o\u00eddos sordos. Llamado de atenci\u00f3n de padres y madres. El nono se qued\u00f3 al margen.<\/p>\n<p>Los fot\u00f3grafos intentaban poner orden en las hileras. Las ni\u00f1as, juiciosas, tomaron asiento. Los ni\u00f1os, inquietos, desatentos, distra\u00eddos. Al frente, los adultos buscaban la mejor posici\u00f3n para tomar la foto con el m\u00f3vil. Pasaron 25 minutos y al fin se acomodaron. La docente, en el centro, sonriente. Flashes y a tirar el birrete al aire. Oficialmente, ha terminado el a\u00f1o.<\/p>\n<p>\u201cYa me gradu\u00e9\u201d, dijo el estudiante mientras se quitaba la toga azul marino. \u201cBastante que nos ha costado\u201d, dijo la madre y se apur\u00f3 a tomar de la mano a la hija. Ser\u00e1n dos meses de descanso, porque en febrero los esperan los salones, los pupitres, los cuadernos, los libros y las materias nuevas. En 60 d\u00edas volver\u00e1n a verse en los pasillos de la Instituci\u00f3n Educativa Gimnasio Campestre ComfaOriente.<\/p>\n<p><strong>RAFAEL ANTONIO PAB\u00d3N<\/strong><\/p>\n<p><strong><a href=\"mailto:rafaelpabon58@hotmail.com\">rafaelpabon58@hotmail.com<\/a><\/strong><\/p>\n","protected":false},"excerpt":{"rendered":"<p>C\u00daCUTA.- El periodo acad\u00e9mico concluy\u00f3. Millares de ni\u00f1os terminan la primaria y se encarrilan para un proyecto de mayores esfuerzos y dedicaci\u00f3n. La alegr\u00eda por saber que habr\u00e1 un periodo de descanso, lejos de los libros y fuera del aula, se expresa y con gusto. \u201cYa me gradu\u00e9\u201d, dijo el preadolescente que acaba de posar &hellip;<\/p>\n","protected":false},"author":1,"featured_media":39774,"comment_status":"open","ping_status":"open","sticky":false,"template":"","format":"standard","meta":{"footnotes":""},"categories":[3691,4,36],"tags":[5407,5852],"class_list":["post-39773","post","type-post","status-publish","format-standard","has-post-thumbnail","hentry","category-cronicas-en-mi-menor","category-barra","category-la-voz-del-pueblo","tag-cronica-ligera","tag-institucion-educativa-gimnasio-campestre-comfaoriente"],"_links":{"self":[{"href":"https:\/\/contraluzcucuta.co\/index.php?rest_route=\/wp\/v2\/posts\/39773","targetHints":{"allow":["GET"]}}],"collection":[{"href":"https:\/\/contraluzcucuta.co\/index.php?rest_route=\/wp\/v2\/posts"}],"about":[{"href":"https:\/\/contraluzcucuta.co\/index.php?rest_route=\/wp\/v2\/types\/post"}],"author":[{"embeddable":true,"href":"https:\/\/contraluzcucuta.co\/index.php?rest_route=\/wp\/v2\/users\/1"}],"replies":[{"embeddable":true,"href":"https:\/\/contraluzcucuta.co\/index.php?rest_route=%2Fwp%2Fv2%2Fcomments&post=39773"}],"version-history":[{"count":3,"href":"https:\/\/contraluzcucuta.co\/index.php?rest_route=\/wp\/v2\/posts\/39773\/revisions"}],"predecessor-version":[{"id":39779,"href":"https:\/\/contraluzcucuta.co\/index.php?rest_route=\/wp\/v2\/posts\/39773\/revisions\/39779"}],"wp:featuredmedia":[{"embeddable":true,"href":"https:\/\/contraluzcucuta.co\/index.php?rest_route=\/wp\/v2\/media\/39774"}],"wp:attachment":[{"href":"https:\/\/contraluzcucuta.co\/index.php?rest_route=%2Fwp%2Fv2%2Fmedia&parent=39773"}],"wp:term":[{"taxonomy":"category","embeddable":true,"href":"https:\/\/contraluzcucuta.co\/index.php?rest_route=%2Fwp%2Fv2%2Fcategories&post=39773"},{"taxonomy":"post_tag","embeddable":true,"href":"https:\/\/contraluzcucuta.co\/index.php?rest_route=%2Fwp%2Fv2%2Ftags&post=39773"}],"curies":[{"name":"wp","href":"https:\/\/api.w.org\/{rel}","templated":true}]}}