{"id":39762,"date":"2023-11-28T04:40:53","date_gmt":"2023-11-28T09:40:53","guid":{"rendered":"https:\/\/contraluzcucuta.co\/?p=39762"},"modified":"2023-11-28T04:40:53","modified_gmt":"2023-11-28T09:40:53","slug":"paseo-culttural-artistas-cucutenos-participan-en-la-coleccion-ava-migracion","status":"publish","type":"post","link":"https:\/\/contraluzcucuta.co\/?p=39762","title":{"rendered":"PASEO CULTTURAL. Artistas cucute\u00f1os participan en la colecci\u00f3n AVA: Migraci\u00f3n"},"content":{"rendered":"<p style=\"padding-left: 40px; text-align: right;\"><strong><span style=\"color: #ff9900;\">C\u00daCUTA.- Los cucute\u00f1os Yosman Botero y Samir Quintero, y el tachirense vinculado a C\u00facuta Adri\u00e1n Preciado participan en la I Colecci\u00f3n AVA titulada Migraci\u00f3n. En la exhibici\u00f3n de obras comparten con m\u00e1s de 40 artistas pl\u00e1sticos que formaron parte de la Gala Ben\u00e9ca Panamericana 2023, que se llev\u00f3 a cabo, en octubre, en el Adrienne Arsht Center, de Miami.<\/span><\/strong><\/p>\n<p>La curadur\u00eda est\u00e1 a cargo de la venezolana Adriana Meneses y el colombo-espa\u00f1ol Alex Brahim, director de la Fundaci\u00f3n El Pilar, aliada AVA con sede en C\u00facuta.<\/p>\n<p><a href=\"https:\/\/contraluzcucuta.co\/wp-content\/uploads\/2023\/11\/AVA-MIGRACION-2.jpg\"><img loading=\"lazy\" decoding=\"async\" class=\"alignnone size-medium wp-image-39764 alignleft\" src=\"https:\/\/contraluzcucuta.co\/wp-content\/uploads\/2023\/11\/AVA-MIGRACION-2-300x232.jpg\" alt=\"\" width=\"300\" height=\"232\" srcset=\"https:\/\/contraluzcucuta.co\/wp-content\/uploads\/2023\/11\/AVA-MIGRACION-2-300x232.jpg 300w, https:\/\/contraluzcucuta.co\/wp-content\/uploads\/2023\/11\/AVA-MIGRACION-2-600x464.jpg 600w, https:\/\/contraluzcucuta.co\/wp-content\/uploads\/2023\/11\/AVA-MIGRACION-2.jpg 639w\" sizes=\"auto, (max-width: 300px) 100vw, 300px\" \/><\/a><\/p>\n<p>Las rutas migratorias demuestran el impulso instintivo de las aves para buscar mejores oportunidades y ejemplifican la intrincada interacci\u00f3n entre los paisajes de la naturaleza y las criaturas aladas.<\/p>\n<p>Los artistas visuales latinoamericanos se unieron por la educaci\u00f3n y donaron obras que capturaron la esencia de las aves migratorias de Am\u00e9rica. La colecci\u00f3n de arte se convirti\u00f3 en emotivo tributo a la resiliente conectividad de las naciones.<\/p>\n<p>La colecci\u00f3n AVA: Migraci\u00f3n exalta la belleza y la fragilidad de la naturaleza, busca trascender los l\u00edmites geogr\u00e1ficos y culturales para fomentar la conciencia y la acci\u00f3n en pro de la educaci\u00f3n. La exposici\u00f3n estar\u00e1 abierta hasta el 3 de diciembre.<\/p>\n","protected":false},"excerpt":{"rendered":"<p>C\u00daCUTA.- Los cucute\u00f1os Yosman Botero y Samir Quintero, y el tachirense vinculado a C\u00facuta Adri\u00e1n Preciado participan en la I Colecci\u00f3n AVA titulada Migraci\u00f3n. En la exhibici\u00f3n de obras comparten con m\u00e1s de 40 artistas pl\u00e1sticos que formaron parte de la Gala Ben\u00e9ca Panamericana 2023, que se llev\u00f3 a cabo, en octubre, en el Adrienne &hellip;<\/p>\n","protected":false},"author":1,"featured_media":39763,"comment_status":"open","ping_status":"open","sticky":false,"template":"","format":"standard","meta":{"footnotes":""},"categories":[4,37],"tags":[5850,5847,1691,4599,5849,5848],"class_list":["post-39762","post","type-post","status-publish","format-standard","has-post-thumbnail","hentry","category-barra","category-paseo-cultural","tag-alex-brahim","tag-ava-migracion","tag-fundacion-el-pilar","tag-paseo-cultural","tag-samir-quintero","tag-yosman-botero"],"_links":{"self":[{"href":"https:\/\/contraluzcucuta.co\/index.php?rest_route=\/wp\/v2\/posts\/39762","targetHints":{"allow":["GET"]}}],"collection":[{"href":"https:\/\/contraluzcucuta.co\/index.php?rest_route=\/wp\/v2\/posts"}],"about":[{"href":"https:\/\/contraluzcucuta.co\/index.php?rest_route=\/wp\/v2\/types\/post"}],"author":[{"embeddable":true,"href":"https:\/\/contraluzcucuta.co\/index.php?rest_route=\/wp\/v2\/users\/1"}],"replies":[{"embeddable":true,"href":"https:\/\/contraluzcucuta.co\/index.php?rest_route=%2Fwp%2Fv2%2Fcomments&post=39762"}],"version-history":[{"count":1,"href":"https:\/\/contraluzcucuta.co\/index.php?rest_route=\/wp\/v2\/posts\/39762\/revisions"}],"predecessor-version":[{"id":39765,"href":"https:\/\/contraluzcucuta.co\/index.php?rest_route=\/wp\/v2\/posts\/39762\/revisions\/39765"}],"wp:featuredmedia":[{"embeddable":true,"href":"https:\/\/contraluzcucuta.co\/index.php?rest_route=\/wp\/v2\/media\/39763"}],"wp:attachment":[{"href":"https:\/\/contraluzcucuta.co\/index.php?rest_route=%2Fwp%2Fv2%2Fmedia&parent=39762"}],"wp:term":[{"taxonomy":"category","embeddable":true,"href":"https:\/\/contraluzcucuta.co\/index.php?rest_route=%2Fwp%2Fv2%2Fcategories&post=39762"},{"taxonomy":"post_tag","embeddable":true,"href":"https:\/\/contraluzcucuta.co\/index.php?rest_route=%2Fwp%2Fv2%2Ftags&post=39762"}],"curies":[{"name":"wp","href":"https:\/\/api.w.org\/{rel}","templated":true}]}}