{"id":39752,"date":"2023-11-27T05:15:49","date_gmt":"2023-11-27T10:15:49","guid":{"rendered":"https:\/\/contraluzcucuta.co\/?p=39752"},"modified":"2023-11-27T05:15:49","modified_gmt":"2023-11-27T10:15:49","slug":"remembranza-bachilleres-del-san-juan-de-la-cruz-hace-46-anos","status":"publish","type":"post","link":"https:\/\/contraluzcucuta.co\/?p=39752","title":{"rendered":"REMEMBRANZA. Bachilleres del San Juan de la Cruz, hace 46 a\u00f1os"},"content":{"rendered":"<p style=\"padding-left: 40px; text-align: right;\"><strong><span style=\"color: #ff9900;\">C\u00daCUTA.- Luis Hermides L\u00f3pez lleg\u00f3 a la avenida 4 con calle 14. Mir\u00f3 al frente y no encontr\u00f3 el letrero con el que se identificaba el colegio que lo educ\u00f3 y form\u00f3 como ser humano. En el plantel curs\u00f3 los cinco a\u00f1os de primaria y los seis de secundaria. Siente orgullo de ser bachiller del <a style=\"color: #ff9900;\" href=\"https:\/\/contraluzcucuta.co\/reencuentro-sanjuanista-el-despertar-la-aurora-de-una-hidalga-y-radiante-juventud\/\">San Juan de la Cruz<\/a>.<\/span><\/strong><\/p>\n<p>El 25 de noviembre de 1977, los estudiantes de \u00faltimo grado recibieron el cart\u00f3n que los acredita como exalumnos de esa instituci\u00f3n. El acto se cumpli\u00f3 en el vecino Sagrado Coraz\u00f3n. \u201cEra viernes\u201d, record\u00f3 L\u00f3pez, y la fiesta, al d\u00eda siguiente, en el Club Cazadores. Requisito, llevar corbata.<\/p>\n<p>Han trascurrido 46 a\u00f1os desde aquel entonces. La puerta ahora no es de madera, en el interior no est\u00e1n la caseta met\u00e1lica ni el gigante \u00e1rbol de mango. Tampoco se escucha la algarab\u00eda que se formaba a la entrada de los estudiantes de los 11 grados.<\/p>\n<p><a href=\"https:\/\/contraluzcucuta.co\/wp-content\/uploads\/2023\/11\/SAN-JUAN-DE-LA-CRUZ-6.jpg\"><img loading=\"lazy\" decoding=\"async\" class=\"alignnone size-medium wp-image-39754 alignleft\" src=\"https:\/\/contraluzcucuta.co\/wp-content\/uploads\/2023\/11\/SAN-JUAN-DE-LA-CRUZ-6-300x150.jpg\" alt=\"\" width=\"300\" height=\"150\" srcset=\"https:\/\/contraluzcucuta.co\/wp-content\/uploads\/2023\/11\/SAN-JUAN-DE-LA-CRUZ-6-300x150.jpg 300w, https:\/\/contraluzcucuta.co\/wp-content\/uploads\/2023\/11\/SAN-JUAN-DE-LA-CRUZ-6-600x300.jpg 600w, https:\/\/contraluzcucuta.co\/wp-content\/uploads\/2023\/11\/SAN-JUAN-DE-LA-CRUZ-6.jpg 660w\" sizes=\"auto, (max-width: 300px) 100vw, 300px\" \/><\/a><\/p>\n<p>L\u00f3pez busc\u00f3 a sus compa\u00f1eros Fabio Araque, Tito, Rafael Mora, Labrador, Samuel Salazar, Alberto Duarte, Mart\u00ednez y no los encontr\u00f3. Tampoco vio a Pedro Mart\u00ednez, ni a do\u00f1a Teresa y Juan Guerrero. Menos a los profesores que le ense\u00f1aron a leer y escribir, sumar y multiplicar, filosofar y repasar la historia.<\/p>\n<p>Para no partir triste repas\u00f3 la lista del grupo en WhatsApp, Los pelados del San Juan, y vio los nombres de Josu\u00e9 Amado, Juan Antonio Nieto, Carmi\u00f1a, Carlos Quiroz, \u00c1lvaro C\u00e1rdenas, Amparo Parra, Betty, Carlos Chaustre, Doris Mart\u00ednez, Enrique, Fredy N\u00fa\u00f1ez, Jaime Ni\u00f1o, Julio Soto, Luis Beltr\u00e1n, Luis Fernando, Luis Alfonso Le\u00f3n, Mery, Nasly Rojas, Nhora Takemiche, Omar Ruiz, Orlando, Orlando Antol\u00ednez, Samuel Mendoza, Samuel Ram\u00edrez y ocho n\u00fameros telef\u00f3nicos que no identific\u00f3.<\/p>\n<p>Se regocij\u00f3 con el recuerdo y se perdi\u00f3 en la inmensidad que ofrecen las calles cucute\u00f1as. Quedan las im\u00e1genes, algunas borrosas, otras n\u00edtidas, de lo vivido en esa casona, que las remodelaciones, los arreglos, las reparaciones y los nuevos inquilinos no desaparecer\u00e1n de la mente de quienes hace 46 a\u00f1os lucen con honor el t\u00edtulo de Bachiller del Colegio San Juan de la Cruz.<\/p>\n<ul>\n<li><em>Despertad corazones a la aurora<\/em><\/li>\n<\/ul>\n<p><em>de una hidalga y radiante juventud<\/em><\/p>\n<p><em>con fulgores de luz redentora<\/em><\/p>\n<p><em>con destellos de Juan de la Cruz.<\/em><\/p>\n","protected":false},"excerpt":{"rendered":"<p>C\u00daCUTA.- Luis Hermides L\u00f3pez lleg\u00f3 a la avenida 4 con calle 14. Mir\u00f3 al frente y no encontr\u00f3 el letrero con el que se identificaba el colegio que lo educ\u00f3 y form\u00f3 como ser humano. En el plantel curs\u00f3 los cinco a\u00f1os de primaria y los seis de secundaria. Siente orgullo de ser bachiller del &hellip;<\/p>\n","protected":false},"author":1,"featured_media":39753,"comment_status":"open","ping_status":"open","sticky":false,"template":"","format":"standard","meta":{"footnotes":""},"categories":[10,4],"tags":[3952,5845],"class_list":["post-39752","post","type-post","status-publish","format-standard","has-post-thumbnail","hentry","category-cronicas","category-barra","tag-colegio-san-juan-de-la-cruz","tag-exalumnos-1977"],"_links":{"self":[{"href":"https:\/\/contraluzcucuta.co\/index.php?rest_route=\/wp\/v2\/posts\/39752","targetHints":{"allow":["GET"]}}],"collection":[{"href":"https:\/\/contraluzcucuta.co\/index.php?rest_route=\/wp\/v2\/posts"}],"about":[{"href":"https:\/\/contraluzcucuta.co\/index.php?rest_route=\/wp\/v2\/types\/post"}],"author":[{"embeddable":true,"href":"https:\/\/contraluzcucuta.co\/index.php?rest_route=\/wp\/v2\/users\/1"}],"replies":[{"embeddable":true,"href":"https:\/\/contraluzcucuta.co\/index.php?rest_route=%2Fwp%2Fv2%2Fcomments&post=39752"}],"version-history":[{"count":1,"href":"https:\/\/contraluzcucuta.co\/index.php?rest_route=\/wp\/v2\/posts\/39752\/revisions"}],"predecessor-version":[{"id":39755,"href":"https:\/\/contraluzcucuta.co\/index.php?rest_route=\/wp\/v2\/posts\/39752\/revisions\/39755"}],"wp:featuredmedia":[{"embeddable":true,"href":"https:\/\/contraluzcucuta.co\/index.php?rest_route=\/wp\/v2\/media\/39753"}],"wp:attachment":[{"href":"https:\/\/contraluzcucuta.co\/index.php?rest_route=%2Fwp%2Fv2%2Fmedia&parent=39752"}],"wp:term":[{"taxonomy":"category","embeddable":true,"href":"https:\/\/contraluzcucuta.co\/index.php?rest_route=%2Fwp%2Fv2%2Fcategories&post=39752"},{"taxonomy":"post_tag","embeddable":true,"href":"https:\/\/contraluzcucuta.co\/index.php?rest_route=%2Fwp%2Fv2%2Ftags&post=39752"}],"curies":[{"name":"wp","href":"https:\/\/api.w.org\/{rel}","templated":true}]}}