{"id":39739,"date":"2023-11-27T04:53:38","date_gmt":"2023-11-27T09:53:38","guid":{"rendered":"https:\/\/contraluzcucuta.co\/?p=39739"},"modified":"2023-11-27T04:57:39","modified_gmt":"2023-11-27T09:57:39","slug":"procucuta-usted-que-le-regalaria-a-cucuta-en-los-300-anos","status":"publish","type":"post","link":"https:\/\/contraluzcucuta.co\/?p=39739","title":{"rendered":"PROCUCUTA. \u00bfUsted qu\u00e9 le regalar\u00eda a C\u00facuta en los 300 a\u00f1os?"},"content":{"rendered":"<p style=\"padding-left: 40px; text-align: right;\"><strong><span style=\"color: #ff9900;\">C\u00daCUTA.- Dentro de una d\u00e9cada, C\u00facuta cumplir\u00e1 300 a\u00f1os, atendiendo la fecha hist\u00f3rica del 17 de junio de 1733, o se aplaza hasta el 20 de noviembre de 1734, si se adopta la propuesta del historiador Silvano Pab\u00f3n. Para cualquiera de los dos registros de la fundaci\u00f3n o la titulaci\u00f3n como parroquia formal avanzan los preparativos de celebraci\u00f3n.<\/span><\/strong><\/p>\n<p><a href=\"https:\/\/contraluzcucuta.co\/wp-content\/uploads\/2023\/11\/ANTONIO-RIOS-6-1.jpeg\"><img loading=\"lazy\" decoding=\"async\" class=\"alignnone size-medium wp-image-39745 alignleft\" src=\"https:\/\/contraluzcucuta.co\/wp-content\/uploads\/2023\/11\/ANTONIO-RIOS-6-1-300x225.jpeg\" alt=\"\" width=\"300\" height=\"225\" srcset=\"https:\/\/contraluzcucuta.co\/wp-content\/uploads\/2023\/11\/ANTONIO-RIOS-6-1-300x225.jpeg 300w, https:\/\/contraluzcucuta.co\/wp-content\/uploads\/2023\/11\/ANTONIO-RIOS-6-1-600x450.jpeg 600w, https:\/\/contraluzcucuta.co\/wp-content\/uploads\/2023\/11\/ANTONIO-RIOS-6-1-1024x768.jpeg 1024w, https:\/\/contraluzcucuta.co\/wp-content\/uploads\/2023\/11\/ANTONIO-RIOS-6-1-768x576.jpeg 768w, https:\/\/contraluzcucuta.co\/wp-content\/uploads\/2023\/11\/ANTONIO-RIOS-6-1-1536x1152.jpeg 1536w, https:\/\/contraluzcucuta.co\/wp-content\/uploads\/2023\/11\/ANTONIO-RIOS-6-1.jpeg 1600w\" sizes=\"auto, (max-width: 300px) 100vw, 300px\" \/><\/a><\/p>\n<p>En a\u00f1os recientes, el alcalde Donamaris Ram\u00edrez entreg\u00f3 el parque C\u00facuta 300 a\u00f1os. Ahora, ProC\u00facuta tiene pensados varios regalos que podr\u00edan hac\u00e9rsele a la ciudad en el aniversario. La Fundaci\u00f3n ha pensado en 18 propuestas para la ciudad, producto de la interacci\u00f3n con la comunidad.<\/p>\n<p>Antonio R\u00edos, vocero del grupo de trabajo, revel\u00f3 que han emprendido la campa\u00f1a para saber qu\u00e9 darle a la capital de Norte de Santander cuando llegue a los tres siglos de vida. Entre los presentes pensados destacan:<\/p>\n<ol>\n<li>Nuevo campus para la Universidad Francisco de Paula Santander. El objetivo es hacer que el centro de estudios superiores no tenga que envidiarle nada a ninguno de sus similares en el pa\u00eds.<\/li>\n<li>Centro de recreaci\u00f3n Eureka. El objetivo es tener un espacio para que ni\u00f1os y j\u00f3venes aprendan. Es un proyecto futurista con clientes asegurados para que sea autosostenible.<\/li>\n<\/ol>\n<p>Las inquietudes fueron presentadas al alcalde electo Jorge Acevedo en desarrollo de la \u00faltima sesi\u00f3n del Diplomado de la Cucutaneidad.<\/p>\n","protected":false},"excerpt":{"rendered":"<p>C\u00daCUTA.- Dentro de una d\u00e9cada, C\u00facuta cumplir\u00e1 300 a\u00f1os, atendiendo la fecha hist\u00f3rica del 17 de junio de 1733, o se aplaza hasta el 20 de noviembre de 1734, si se adopta la propuesta del historiador Silvano Pab\u00f3n. Para cualquiera de los dos registros de la fundaci\u00f3n o la titulaci\u00f3n como parroquia formal avanzan los &hellip;<\/p>\n","protected":false},"author":1,"featured_media":39743,"comment_status":"open","ping_status":"open","sticky":false,"template":"","format":"standard","meta":{"footnotes":""},"categories":[4,36],"tags":[5844,5686,5843],"class_list":["post-39739","post","type-post","status-publish","format-standard","has-post-thumbnail","hentry","category-barra","category-la-voz-del-pueblo","tag-antonio-rios","tag-diplomado-de-la-cucutaneidad","tag-procucuta"],"_links":{"self":[{"href":"https:\/\/contraluzcucuta.co\/index.php?rest_route=\/wp\/v2\/posts\/39739","targetHints":{"allow":["GET"]}}],"collection":[{"href":"https:\/\/contraluzcucuta.co\/index.php?rest_route=\/wp\/v2\/posts"}],"about":[{"href":"https:\/\/contraluzcucuta.co\/index.php?rest_route=\/wp\/v2\/types\/post"}],"author":[{"embeddable":true,"href":"https:\/\/contraluzcucuta.co\/index.php?rest_route=\/wp\/v2\/users\/1"}],"replies":[{"embeddable":true,"href":"https:\/\/contraluzcucuta.co\/index.php?rest_route=%2Fwp%2Fv2%2Fcomments&post=39739"}],"version-history":[{"count":3,"href":"https:\/\/contraluzcucuta.co\/index.php?rest_route=\/wp\/v2\/posts\/39739\/revisions"}],"predecessor-version":[{"id":39746,"href":"https:\/\/contraluzcucuta.co\/index.php?rest_route=\/wp\/v2\/posts\/39739\/revisions\/39746"}],"wp:featuredmedia":[{"embeddable":true,"href":"https:\/\/contraluzcucuta.co\/index.php?rest_route=\/wp\/v2\/media\/39743"}],"wp:attachment":[{"href":"https:\/\/contraluzcucuta.co\/index.php?rest_route=%2Fwp%2Fv2%2Fmedia&parent=39739"}],"wp:term":[{"taxonomy":"category","embeddable":true,"href":"https:\/\/contraluzcucuta.co\/index.php?rest_route=%2Fwp%2Fv2%2Fcategories&post=39739"},{"taxonomy":"post_tag","embeddable":true,"href":"https:\/\/contraluzcucuta.co\/index.php?rest_route=%2Fwp%2Fv2%2Ftags&post=39739"}],"curies":[{"name":"wp","href":"https:\/\/api.w.org\/{rel}","templated":true}]}}