{"id":39732,"date":"2023-11-27T04:48:42","date_gmt":"2023-11-27T09:48:42","guid":{"rendered":"https:\/\/contraluzcucuta.co\/?p=39732"},"modified":"2023-11-27T04:48:42","modified_gmt":"2023-11-27T09:48:42","slug":"alcalde-electo-quiero-agradecerles-por-pensar-por-los-cucutenos-jorge-acevedo","status":"publish","type":"post","link":"https:\/\/contraluzcucuta.co\/?p=39732","title":{"rendered":"ALCALDE ELECTO. Quiero agradecerles por pensar por los cucute\u00f1os: Jorge Acevedo"},"content":{"rendered":"<p style=\"padding-left: 40px; text-align: right;\"><strong><span style=\"color: #ff9900;\">C\u00daCUTA.- \u201cNecesitamos que nos ayuden a pensar o que contin\u00faen haciendo lo que saben hacer\u201d, les dijo el alcalde electo Jorge Acevedo a los participantes en el Diplomado de la Cucutaneidad. Reconoci\u00f3 la ense\u00f1anza del saliente Jairo Y\u00e1\u00f1ez en el proceso de empalme. Entiende la necesidad de trabajar en equipo y de escuchar, y de ir de la mano de los congresistas.<\/span><\/strong><\/p>\n<p>\u201cEl compromiso es con C\u00facuta. Desde el d\u00eda que se dieron los resultados no hemos parado de trabajar. Estamos buscando de la mejor manera recursos en el Gobierno\u201d. Anunci\u00f3 que su gobierno ser\u00e1 m\u00e1s participativo y que buscar\u00e1 el apoyo de personas importantes del departamento que \u201cno sab\u00eda que tienen la posibilidad y la facilidad de conseguir recursos para la ciudad\u201d.<\/p>\n<p>Estos son los asuntos que Acevedo trat\u00f3 en la sesi\u00f3n de cierre del ejercicio acad\u00e9mico organizado por la Fundaci\u00f3n El Cinco a las Cinco con apoyo de la Universidad Sim\u00f3n Bol\u00edvar.<\/p>\n<p><a href=\"https:\/\/contraluzcucuta.co\/wp-content\/uploads\/2023\/11\/JORGE-ACEVEDO-2.jpeg\"><img loading=\"lazy\" decoding=\"async\" class=\"alignnone size-medium wp-image-39734 alignleft\" src=\"https:\/\/contraluzcucuta.co\/wp-content\/uploads\/2023\/11\/JORGE-ACEVEDO-2-300x225.jpeg\" alt=\"\" width=\"300\" height=\"225\" srcset=\"https:\/\/contraluzcucuta.co\/wp-content\/uploads\/2023\/11\/JORGE-ACEVEDO-2-300x225.jpeg 300w, https:\/\/contraluzcucuta.co\/wp-content\/uploads\/2023\/11\/JORGE-ACEVEDO-2-600x450.jpeg 600w, https:\/\/contraluzcucuta.co\/wp-content\/uploads\/2023\/11\/JORGE-ACEVEDO-2-1024x768.jpeg 1024w, https:\/\/contraluzcucuta.co\/wp-content\/uploads\/2023\/11\/JORGE-ACEVEDO-2-768x576.jpeg 768w, https:\/\/contraluzcucuta.co\/wp-content\/uploads\/2023\/11\/JORGE-ACEVEDO-2-1536x1152.jpeg 1536w, https:\/\/contraluzcucuta.co\/wp-content\/uploads\/2023\/11\/JORGE-ACEVEDO-2.jpeg 1600w\" sizes=\"auto, (max-width: 300px) 100vw, 300px\" \/><\/a><\/p>\n<p><strong>Proyecto C\u00ednera<\/strong><\/p>\n<p>Hoy, todav\u00eda no estamos sintiendo la necesidad. Mi voluntad pol\u00edtica y personal es respaldarlo. Estamos buscando recursos para actualizar los estudios. De pronto no es como lo pensamos. No nos pueden seguir diciendo que no es viable.<\/p>\n<p><strong>Proyecto Eureka<\/strong><\/p>\n<p>Hay que avanzar en este tema que es trascendente para la ciudad. Quiero agradecerles por pensar por los cucute\u00f1os. Entiendo que hay que unir las fuerzas y entender que hay gente con conocimiento y con visi\u00f3n.<\/p>\n<p><strong>Agua<\/strong><\/p>\n<p>Se acaba la concesi\u00f3n de Aguas Kpital (2024) como operador y tengo la responsabilidad de no renovar ese contrato y de hacer que C\u00facuta participe mayoritariamente en todos y cada uno de los modelos de negocios que se desarrollen en la ciudad.<\/p>\n<p><strong>Migraci\u00f3n<\/strong><\/p>\n<p>La migraci\u00f3n nos est\u00e1 ahogando. Estoy seguro de que los venezolanos no quisieran salir de su tierrita, pero cuando llegan a C\u00facuta encuentran una ciudad con agua, energ\u00eda permanente, encuentran una ciudad normal y se quedan.<\/p>\n<p><a href=\"https:\/\/contraluzcucuta.co\/wp-content\/uploads\/2023\/11\/JORGE-ACEVEDO-10.jpeg\"><img loading=\"lazy\" decoding=\"async\" class=\"alignnone size-medium wp-image-39735 alignleft\" src=\"https:\/\/contraluzcucuta.co\/wp-content\/uploads\/2023\/11\/JORGE-ACEVEDO-10-300x225.jpeg\" alt=\"\" width=\"300\" height=\"225\" srcset=\"https:\/\/contraluzcucuta.co\/wp-content\/uploads\/2023\/11\/JORGE-ACEVEDO-10-300x225.jpeg 300w, https:\/\/contraluzcucuta.co\/wp-content\/uploads\/2023\/11\/JORGE-ACEVEDO-10-600x450.jpeg 600w, https:\/\/contraluzcucuta.co\/wp-content\/uploads\/2023\/11\/JORGE-ACEVEDO-10-1024x768.jpeg 1024w, https:\/\/contraluzcucuta.co\/wp-content\/uploads\/2023\/11\/JORGE-ACEVEDO-10-768x576.jpeg 768w, https:\/\/contraluzcucuta.co\/wp-content\/uploads\/2023\/11\/JORGE-ACEVEDO-10-1536x1152.jpeg 1536w, https:\/\/contraluzcucuta.co\/wp-content\/uploads\/2023\/11\/JORGE-ACEVEDO-10.jpeg 1600w\" sizes=\"auto, (max-width: 300px) 100vw, 300px\" \/><\/a><\/p>\n<p><strong>Integraci\u00f3n Binacional<\/strong><\/p>\n<p>El gobierno del T\u00e1chira estaba avanzando en el Acuerdo Tonchal\u00e1 para hacer que pudi\u00e9ramos ir hasta San Crist\u00f3bal, donde se mueve la din\u00e1mica. Tenemos que hacer una din\u00e1mica que nos permita movernos entre San Antonio \u2013 Ure\u00f1a \u2013 San Crist\u00f3bal \u2013 C\u00facuta. Tenemos un pa\u00eds completo por surtir.<\/p>\n<p><strong>Gasoducto<\/strong><\/p>\n<p>El alcalde Y\u00e1\u00f1ez entreg\u00f3 los documentos y contrat\u00f3 los estudios.<\/p>\n<p><strong>Tren del Catatumbo<\/strong><\/p>\n<p>Es un proyecto super acertado. En seis o siete meses se entregan los estudios. Hay que hacer una apuesta importante en una ciudad regi\u00f3n.<\/p>\n<p><strong>Seguridad<\/strong><\/p>\n<p>Pienso hacer un aporte de cuatro drones con camionetas y equipos para vigilar la ciudad. Destruir, en terreno colombiano, los caminos que conducen a C\u00facuta para complicar el paso. Vamos a crear el Gaula, con 25 hombres exclusivos para la ciudad para prevenir el secuestro. Vamos a poner seguridad privada en el centro de C\u00facuta, paralelamente con la Polic\u00eda. Vamos a hacer una inversi\u00f3n en, m\u00ednimo, 100 hombres trabajando en 50 motos, cuidando a los industriales y a los empresarios. Lo mismo en las comunas 3 y 4 y 6 y 7.<\/p>\n<p>Tenemos que hacer una inversi\u00f3n importante para dar seguridad. Debemos hacer sentir inseguros a los delincuentes. El delincuente debe saber que en cualquier momento llegan las motos. Los que deben estar asustados son ellos. Vamos a hacer que en C\u00facuta el delincuente se sienta inseguro.<\/p>\n<p><a href=\"https:\/\/contraluzcucuta.co\/wp-content\/uploads\/2023\/11\/JORGE-ACEVEDO-11.jpeg\"><img loading=\"lazy\" decoding=\"async\" class=\"alignnone size-medium wp-image-39736 alignleft\" src=\"https:\/\/contraluzcucuta.co\/wp-content\/uploads\/2023\/11\/JORGE-ACEVEDO-11-225x300.jpeg\" alt=\"\" width=\"225\" height=\"300\" srcset=\"https:\/\/contraluzcucuta.co\/wp-content\/uploads\/2023\/11\/JORGE-ACEVEDO-11-225x300.jpeg 225w, https:\/\/contraluzcucuta.co\/wp-content\/uploads\/2023\/11\/JORGE-ACEVEDO-11-600x800.jpeg 600w, https:\/\/contraluzcucuta.co\/wp-content\/uploads\/2023\/11\/JORGE-ACEVEDO-11-768x1024.jpeg 768w, https:\/\/contraluzcucuta.co\/wp-content\/uploads\/2023\/11\/JORGE-ACEVEDO-11-1152x1536.jpeg 1152w, https:\/\/contraluzcucuta.co\/wp-content\/uploads\/2023\/11\/JORGE-ACEVEDO-11.jpeg 1200w\" sizes=\"auto, (max-width: 225px) 100vw, 225px\" \/><\/a><\/p>\n<p><strong>Seguridad metropolitana<\/strong><\/p>\n<p>Yo aprieto en C\u00facuta y (los delincuentes) se van para Los Patios y Villa del Rosario. Estamos tratando de hacer un equipo de trabajo con los alcaldes.<\/p>\n<p><strong>Habitantes de calle<\/strong><\/p>\n<p>Tengo la facilidad de conseguir cupo para 220 habitantes de calle, en centros de rehabilitaci\u00f3n, que los vamos a contratar para que nos ayuden. Vamos a quitarles mil clientes a las ollas. Hay 3700, de los cuales, m\u00e1ximo, 650 son cucute\u00f1os, los otros son migrantes o de otras ciudades del pa\u00eds. Est\u00e1n en la ciudad por la facilidad de conseguir diesell, por la permisividad del reciclaje.<\/p>\n<p><strong>Receptaci\u00f3n de objetos robados<\/strong><\/p>\n<p>Lo que est\u00e1 pasando en el Parque Lineal, ese \u2018tri\u00e1ngulo de las Bermudas\u2019, hay que atacarlo directamente con nombre, ubicaci\u00f3n. Si esto sigue pasando ah\u00ed cambio a la coronel (Sandra\u2026) que ha mostrado voluntad y profesionalismo. Vamos a hacer un trabajo conjunto.<\/p>\n<p><strong>Motilones del Norte, campe\u00f3n en el 2024<\/strong><\/p>\n<p>Pienso que el equipo de baloncesto va a quedar campe\u00f3n el a\u00f1o entrante, hay que trabajar en equipo con los empresarios. Vamos a apoyar el baloncesto, y no es solo por el baloncesto, es por el consumo de sustancias sicoactivas en los barrios. Si tenemos un equipo campe\u00f3n se va a crear una energ\u00eda y muchos ni\u00f1os van a querer practicar el deporte.<\/p>\n<p>El IMRD va dar un vuelco y de pronto hasta lo acabamos para quitarnos el peso de la junta directiva y lo volvemos secretar\u00eda para poder tomar decisiones. Esperemos a ver c\u00f3mo funciona. Necesito que nos apoyemos en las escuelas de formaci\u00f3n deportiva.<\/p>\n<p><a href=\"https:\/\/contraluzcucuta.co\/wp-content\/uploads\/2023\/11\/JORGE-ACEVEDO-3.jpeg\"><img loading=\"lazy\" decoding=\"async\" class=\"alignnone size-medium wp-image-39737 alignleft\" src=\"https:\/\/contraluzcucuta.co\/wp-content\/uploads\/2023\/11\/JORGE-ACEVEDO-3-300x225.jpeg\" alt=\"\" width=\"300\" height=\"225\" srcset=\"https:\/\/contraluzcucuta.co\/wp-content\/uploads\/2023\/11\/JORGE-ACEVEDO-3-300x225.jpeg 300w, https:\/\/contraluzcucuta.co\/wp-content\/uploads\/2023\/11\/JORGE-ACEVEDO-3-600x450.jpeg 600w, https:\/\/contraluzcucuta.co\/wp-content\/uploads\/2023\/11\/JORGE-ACEVEDO-3-1024x768.jpeg 1024w, https:\/\/contraluzcucuta.co\/wp-content\/uploads\/2023\/11\/JORGE-ACEVEDO-3-768x576.jpeg 768w, https:\/\/contraluzcucuta.co\/wp-content\/uploads\/2023\/11\/JORGE-ACEVEDO-3-1536x1152.jpeg 1536w, https:\/\/contraluzcucuta.co\/wp-content\/uploads\/2023\/11\/JORGE-ACEVEDO-3.jpeg 1600w\" sizes=\"auto, (max-width: 300px) 100vw, 300px\" \/><\/a><\/p>\n<p><strong>C\u00facuta Deportivo<\/strong><\/p>\n<p>El equipo ha tenido oportunidades (de subir a la A) y las ha dejado ir por intereses que no sabemos\u2026 El caso de Cadena, as\u00ed como tengo la voluntad de buscar empresarios para apoyar a Motilones, quiero buscar empresarios para apoyar al C\u00facuta Deportivo, aportar dos o cuatro jugadores. Hay que entender cu\u00e1l es la din\u00e1mica y qu\u00e9 es lo que realmente se quiere con el equipo. No es justo para la ciudad, ni para miles y miles de cucute\u00f1os ese sentimiento de rabia y de impotencia. Entiendo que no se pueden tomar decisiones porque es una empresa privada que juega con los sentimientos de los cucute\u00f1os. Hay que esperar para ver c\u00f3mo apoyamos o conseguimos las mejores cosas para el C\u00facuta.<\/p>\n","protected":false},"excerpt":{"rendered":"<p>C\u00daCUTA.- \u201cNecesitamos que nos ayuden a pensar o que contin\u00faen haciendo lo que saben hacer\u201d, les dijo el alcalde electo Jorge Acevedo a los participantes en el Diplomado de la Cucutaneidad. Reconoci\u00f3 la ense\u00f1anza del saliente Jairo Y\u00e1\u00f1ez en el proceso de empalme. Entiende la necesidad de trabajar en equipo y de escuchar, y de &hellip;<\/p>\n","protected":false},"author":1,"featured_media":39733,"comment_status":"open","ping_status":"open","sticky":false,"template":"","format":"standard","meta":{"footnotes":""},"categories":[45,4],"tags":[5842,5686,2192],"class_list":["post-39732","post","type-post","status-publish","format-standard","has-post-thumbnail","hentry","category-destacado","category-barra","tag-alcalde-electo","tag-diplomado-de-la-cucutaneidad","tag-jorge-acevedo"],"_links":{"self":[{"href":"https:\/\/contraluzcucuta.co\/index.php?rest_route=\/wp\/v2\/posts\/39732","targetHints":{"allow":["GET"]}}],"collection":[{"href":"https:\/\/contraluzcucuta.co\/index.php?rest_route=\/wp\/v2\/posts"}],"about":[{"href":"https:\/\/contraluzcucuta.co\/index.php?rest_route=\/wp\/v2\/types\/post"}],"author":[{"embeddable":true,"href":"https:\/\/contraluzcucuta.co\/index.php?rest_route=\/wp\/v2\/users\/1"}],"replies":[{"embeddable":true,"href":"https:\/\/contraluzcucuta.co\/index.php?rest_route=%2Fwp%2Fv2%2Fcomments&post=39732"}],"version-history":[{"count":1,"href":"https:\/\/contraluzcucuta.co\/index.php?rest_route=\/wp\/v2\/posts\/39732\/revisions"}],"predecessor-version":[{"id":39738,"href":"https:\/\/contraluzcucuta.co\/index.php?rest_route=\/wp\/v2\/posts\/39732\/revisions\/39738"}],"wp:featuredmedia":[{"embeddable":true,"href":"https:\/\/contraluzcucuta.co\/index.php?rest_route=\/wp\/v2\/media\/39733"}],"wp:attachment":[{"href":"https:\/\/contraluzcucuta.co\/index.php?rest_route=%2Fwp%2Fv2%2Fmedia&parent=39732"}],"wp:term":[{"taxonomy":"category","embeddable":true,"href":"https:\/\/contraluzcucuta.co\/index.php?rest_route=%2Fwp%2Fv2%2Fcategories&post=39732"},{"taxonomy":"post_tag","embeddable":true,"href":"https:\/\/contraluzcucuta.co\/index.php?rest_route=%2Fwp%2Fv2%2Ftags&post=39732"}],"curies":[{"name":"wp","href":"https:\/\/api.w.org\/{rel}","templated":true}]}}