{"id":39729,"date":"2023-11-27T04:37:14","date_gmt":"2023-11-27T09:37:14","guid":{"rendered":"https:\/\/contraluzcucuta.co\/?p=39729"},"modified":"2023-11-27T04:37:14","modified_gmt":"2023-11-27T09:37:14","slug":"invias-cierre-total-en-la-via-ocana-alto-del-pozo","status":"publish","type":"post","link":"https:\/\/contraluzcucuta.co\/?p=39729","title":{"rendered":"INVIAS. Cierre total en la v\u00eda Oca\u00f1a \u2013 Alto del Pozo"},"content":{"rendered":"<p style=\"padding-left: 40px; text-align: right;\"><strong><span style=\"color: #ff9900;\">OCA\u00d1A \u2013 Norte de Santander.- Un movimiento en masa sobre la v\u00eda oblig\u00f3 al cierre total en el tramo Oca\u00f1a \u2013 Alto del Pozo, en el kil\u00f3metro 64. El hecho se gener\u00f3 como consecuencia de las intensas lluvias. El contratista se desplaz\u00f3 hacia el sector para atender el evento con colaboradores del equipo de mantenimiento rutinario y maquinaria amarilla.<\/span><\/strong><\/p>\n<p>El Instituto Nacional de V\u00edas, por medio de la direcci\u00f3n territorial Oca\u00f1a, dispuso de personal t\u00e9cnico y especializado para adelantar las labores de remoci\u00f3n de material que permita recuperar la movilidad del corredor en el menor tiempo posible.<\/p>\n<p>Se sugiere como v\u00eda alterna el corredor, Oca\u00f1a \u2013 Aguachica \u2013 Bucaramanga \u2013 Pamplona &#8211; C\u00facuta.<\/p>\n","protected":false},"excerpt":{"rendered":"<p>OCA\u00d1A \u2013 Norte de Santander.- Un movimiento en masa sobre la v\u00eda oblig\u00f3 al cierre total en el tramo Oca\u00f1a \u2013 Alto del Pozo, en el kil\u00f3metro 64. El hecho se gener\u00f3 como consecuencia de las intensas lluvias. El contratista se desplaz\u00f3 hacia el sector para atender el evento con colaboradores del equipo de mantenimiento &hellip;<\/p>\n","protected":false},"author":1,"featured_media":39730,"comment_status":"open","ping_status":"open","sticky":false,"template":"","format":"standard","meta":{"footnotes":""},"categories":[4,6],"tags":[5841,393],"class_list":["post-39729","post","type-post","status-publish","format-standard","has-post-thumbnail","hentry","category-barra","category-ojo-avizor","tag-cierre-vial","tag-invias"],"_links":{"self":[{"href":"https:\/\/contraluzcucuta.co\/index.php?rest_route=\/wp\/v2\/posts\/39729","targetHints":{"allow":["GET"]}}],"collection":[{"href":"https:\/\/contraluzcucuta.co\/index.php?rest_route=\/wp\/v2\/posts"}],"about":[{"href":"https:\/\/contraluzcucuta.co\/index.php?rest_route=\/wp\/v2\/types\/post"}],"author":[{"embeddable":true,"href":"https:\/\/contraluzcucuta.co\/index.php?rest_route=\/wp\/v2\/users\/1"}],"replies":[{"embeddable":true,"href":"https:\/\/contraluzcucuta.co\/index.php?rest_route=%2Fwp%2Fv2%2Fcomments&post=39729"}],"version-history":[{"count":1,"href":"https:\/\/contraluzcucuta.co\/index.php?rest_route=\/wp\/v2\/posts\/39729\/revisions"}],"predecessor-version":[{"id":39731,"href":"https:\/\/contraluzcucuta.co\/index.php?rest_route=\/wp\/v2\/posts\/39729\/revisions\/39731"}],"wp:featuredmedia":[{"embeddable":true,"href":"https:\/\/contraluzcucuta.co\/index.php?rest_route=\/wp\/v2\/media\/39730"}],"wp:attachment":[{"href":"https:\/\/contraluzcucuta.co\/index.php?rest_route=%2Fwp%2Fv2%2Fmedia&parent=39729"}],"wp:term":[{"taxonomy":"category","embeddable":true,"href":"https:\/\/contraluzcucuta.co\/index.php?rest_route=%2Fwp%2Fv2%2Fcategories&post=39729"},{"taxonomy":"post_tag","embeddable":true,"href":"https:\/\/contraluzcucuta.co\/index.php?rest_route=%2Fwp%2Fv2%2Ftags&post=39729"}],"curies":[{"name":"wp","href":"https:\/\/api.w.org\/{rel}","templated":true}]}}