{"id":39725,"date":"2023-11-25T06:31:14","date_gmt":"2023-11-25T11:31:14","guid":{"rendered":"https:\/\/contraluzcucuta.co\/?p=39725"},"modified":"2023-11-25T06:31:14","modified_gmt":"2023-11-25T11:31:14","slug":"expoemprender-quince-ninos-suenan-como-emprendedores","status":"publish","type":"post","link":"https:\/\/contraluzcucuta.co\/?p=39725","title":{"rendered":"EXPOEMPRENDER. Quince ni\u00f1os sue\u00f1an como emprendedores"},"content":{"rendered":"<p style=\"padding-left: 40px; text-align: right;\"><strong><span style=\"color: #ff9900;\">C\u00daCUTA.- Valeria est\u00e1 detr\u00e1s del mostrador para ofrecerles a los visitantes de ExpoEmprender productos para las mascotas. La vocecita refleja la timidez propia de la edad. Tiene 10 a\u00f1os y sue\u00f1a con vender esos alimentos y juguetes para perros y gatos que llev\u00f3 a la feria.<\/span><\/strong><\/p>\n<p>Si logra el cometido, la ganancia la invertir\u00e1 en el negocio, comprar\u00e1 algo para ella y lo dem\u00e1s lo ahorrar\u00e1 para el futuro que se le presenta fresco. Como ella, otros 14 ni\u00f1os cucute\u00f1os emprendedores hacen parte de esta versi\u00f3n de la muestra.<\/p>\n<p>La presencia de los ni\u00f1os hace parte del convenio de la C\u00e1mara de Comercio de C\u00facuta con una asociaci\u00f3n de car\u00e1cter internacional. Tambi\u00e9n, hacen parte del proceso de formaci\u00f3n en todo lo que significa ser empresario. Valeria habla con orgullo del respaldo que ha recibido del Banco del Progreso.<\/p>\n<p><a href=\"https:\/\/contraluzcucuta.co\/wp-content\/uploads\/2023\/11\/EMPRENDEDORES-4.jpeg\"><img loading=\"lazy\" decoding=\"async\" class=\"alignnone size-medium wp-image-39727 alignleft\" src=\"https:\/\/contraluzcucuta.co\/wp-content\/uploads\/2023\/11\/EMPRENDEDORES-4-300x225.jpeg\" alt=\"\" width=\"300\" height=\"225\" srcset=\"https:\/\/contraluzcucuta.co\/wp-content\/uploads\/2023\/11\/EMPRENDEDORES-4-300x225.jpeg 300w, https:\/\/contraluzcucuta.co\/wp-content\/uploads\/2023\/11\/EMPRENDEDORES-4-600x450.jpeg 600w, https:\/\/contraluzcucuta.co\/wp-content\/uploads\/2023\/11\/EMPRENDEDORES-4-1024x768.jpeg 1024w, https:\/\/contraluzcucuta.co\/wp-content\/uploads\/2023\/11\/EMPRENDEDORES-4-768x576.jpeg 768w, https:\/\/contraluzcucuta.co\/wp-content\/uploads\/2023\/11\/EMPRENDEDORES-4.jpeg 1280w\" sizes=\"auto, (max-width: 300px) 100vw, 300px\" \/><\/a><\/p>\n<p>\u201cEl objetivo es apoyar el fortalecimiento de 200 emprendimiento de diferentes sectores econ\u00f3micos de la regi\u00f3n\u201d, explic\u00f3 Sergio Castillo, presidente ejecutivo de la C\u00e1mara de Comercio.<\/p>\n<p>Cucute\u00f1os y turistas encontrar\u00e1n moda, bisuter\u00eda, gastronom\u00eda y otros renglones de la manufactura, en los cub\u00edculos acondicionados en la biblioteca p\u00fablica Julio P\u00e9rez Ferrero para la exhibici\u00f3n de los productos.<\/p>\n<p>\u201cLo que buscamos es fortalecer desde el punto t\u00e9cnico y con la muestra\u201d el trabajo de estos hombres y mujeres emprendedores. La C\u00e1mara de Comercio tiene el programa Empr\u00e9ndelo, cuyo objetivo es fortalecer desde el punto de vista acad\u00e9mico y empresarial a los so\u00f1adores. \u201cEs un ejercicio de caracterizaci\u00f3n del flujo y base de datos de emprendedores\u201d.<\/p>\n<p>De acuerdo con el tejido empresarial los productores se encuentran en la Comuna 1, especialmente, aunque hay de las otras nueve. \u201cEs una apuesta hacia la econom\u00eda popular, de los estratos 1 al 3, en donde queremos que encuentren una alternativa de fortalecimiento para que el emprendimiento cada vez tome m\u00e1s fuerza\u201d, manifest\u00f3 el presidente Sergio Castillo.<\/p>\n","protected":false},"excerpt":{"rendered":"<p>C\u00daCUTA.- Valeria est\u00e1 detr\u00e1s del mostrador para ofrecerles a los visitantes de ExpoEmprender productos para las mascotas. La vocecita refleja la timidez propia de la edad. Tiene 10 a\u00f1os y sue\u00f1a con vender esos alimentos y juguetes para perros y gatos que llev\u00f3 a la feria. Si logra el cometido, la ganancia la invertir\u00e1 en &hellip;<\/p>\n","protected":false},"author":1,"featured_media":39726,"comment_status":"open","ping_status":"open","sticky":false,"template":"","format":"standard","meta":{"footnotes":""},"categories":[4,36],"tags":[375,5840,4183],"class_list":["post-39725","post","type-post","status-publish","format-standard","has-post-thumbnail","hentry","category-barra","category-la-voz-del-pueblo","tag-camara-de-comercio-de-cucuta","tag-expoempreder","tag-expoemprendelo"],"_links":{"self":[{"href":"https:\/\/contraluzcucuta.co\/index.php?rest_route=\/wp\/v2\/posts\/39725","targetHints":{"allow":["GET"]}}],"collection":[{"href":"https:\/\/contraluzcucuta.co\/index.php?rest_route=\/wp\/v2\/posts"}],"about":[{"href":"https:\/\/contraluzcucuta.co\/index.php?rest_route=\/wp\/v2\/types\/post"}],"author":[{"embeddable":true,"href":"https:\/\/contraluzcucuta.co\/index.php?rest_route=\/wp\/v2\/users\/1"}],"replies":[{"embeddable":true,"href":"https:\/\/contraluzcucuta.co\/index.php?rest_route=%2Fwp%2Fv2%2Fcomments&post=39725"}],"version-history":[{"count":1,"href":"https:\/\/contraluzcucuta.co\/index.php?rest_route=\/wp\/v2\/posts\/39725\/revisions"}],"predecessor-version":[{"id":39728,"href":"https:\/\/contraluzcucuta.co\/index.php?rest_route=\/wp\/v2\/posts\/39725\/revisions\/39728"}],"wp:featuredmedia":[{"embeddable":true,"href":"https:\/\/contraluzcucuta.co\/index.php?rest_route=\/wp\/v2\/media\/39726"}],"wp:attachment":[{"href":"https:\/\/contraluzcucuta.co\/index.php?rest_route=%2Fwp%2Fv2%2Fmedia&parent=39725"}],"wp:term":[{"taxonomy":"category","embeddable":true,"href":"https:\/\/contraluzcucuta.co\/index.php?rest_route=%2Fwp%2Fv2%2Fcategories&post=39725"},{"taxonomy":"post_tag","embeddable":true,"href":"https:\/\/contraluzcucuta.co\/index.php?rest_route=%2Fwp%2Fv2%2Ftags&post=39725"}],"curies":[{"name":"wp","href":"https:\/\/api.w.org\/{rel}","templated":true}]}}