{"id":39721,"date":"2023-11-25T06:13:35","date_gmt":"2023-11-25T11:13:35","guid":{"rendered":"https:\/\/contraluzcucuta.co\/?p=39721"},"modified":"2023-11-25T06:13:35","modified_gmt":"2023-11-25T11:13:35","slug":"anoranza-adios-del-futbol-con-la-rojinegra-puesta","status":"publish","type":"post","link":"https:\/\/contraluzcucuta.co\/?p=39721","title":{"rendered":"A\u00d1ORANZA. Adi\u00f3s del f\u00fatbol con la rojinegra puesta"},"content":{"rendered":"<p style=\"padding-left: 40px; text-align: right;\"><strong><span style=\"color: #ff9900;\">C\u00daCUTA.- A pesar de la despedida del Torneo II de la Dimayor, en la \u00faltima fecha, y de quedar fuera de toda posibilidad para regresar a la primera divisi\u00f3n, los cucute\u00f1os no se olvidan del club y de los jugadores.<\/span><\/strong><\/p>\n<p>En las calles es f\u00e1cil encontrar a uno, dos, diez, muchos adultos y ni\u00f1os con la camiseta rojinegra. Ahora, no la lucen para ir al General Santander y acompa\u00f1ar al once motil\u00f3n. La llevan como prenda diaria de vestir y con el mismo orgullo como si desfilaran hacia el estadio.<\/p>\n<p>Todav\u00eda en la mente de los hinchas resuenan los momentos gloriosos vividos por cuenta y a cuenta del cuadro local. Entre esos recuerdos aparecen, lejanos o cercanos, los futbolistas que le dijeron adi\u00f3s a ese deporte que los llev\u00f3 a la cima y que los meti\u00f3 en una historia escrita tarde a tarde en las canchas colombianas.<\/p>\n<p><a href=\"https:\/\/contraluzcucuta.co\/wp-content\/uploads\/2023\/11\/CUCUTA-DEPORTIVO-VETERANOS-2.jpeg\"><img loading=\"lazy\" decoding=\"async\" class=\"alignnone size-medium wp-image-39723 alignleft\" src=\"https:\/\/contraluzcucuta.co\/wp-content\/uploads\/2023\/11\/CUCUTA-DEPORTIVO-VETERANOS-2-300x297.jpeg\" alt=\"\" width=\"300\" height=\"297\" srcset=\"https:\/\/contraluzcucuta.co\/wp-content\/uploads\/2023\/11\/CUCUTA-DEPORTIVO-VETERANOS-2-300x297.jpeg 300w, https:\/\/contraluzcucuta.co\/wp-content\/uploads\/2023\/11\/CUCUTA-DEPORTIVO-VETERANOS-2-100x100.jpeg 100w, https:\/\/contraluzcucuta.co\/wp-content\/uploads\/2023\/11\/CUCUTA-DEPORTIVO-VETERANOS-2-600x594.jpeg 600w, https:\/\/contraluzcucuta.co\/wp-content\/uploads\/2023\/11\/CUCUTA-DEPORTIVO-VETERANOS-2-150x150.jpeg 150w, https:\/\/contraluzcucuta.co\/wp-content\/uploads\/2023\/11\/CUCUTA-DEPORTIVO-VETERANOS-2.jpeg 720w\" sizes=\"auto, (max-width: 300px) 100vw, 300px\" \/><\/a><\/p>\n<p>El portal los motilones Tv trajo a colaci\u00f3n, en Facebook, esta lista de exprofesionales que colgaron para siempre el uniforme en un gancho. Esa despedida ocurri\u00f3 en el General.<\/p>\n<p>Hist\u00f3ricos del FPC que se retiraron en el C\u00facuta Deportivo :<\/p>\n<p>2023: Stalin Motta<\/p>\n<p>2021:\u00a0 Braynner Garc\u00eda<\/p>\n<p>2015:\u00a0 Gerardo Bedoya<\/p>\n<p>2013:\u00a0 Rub\u00e9n Bustos<\/p>\n<p>2012:\u00a0 Jorge Bola\u00f1o<\/p>\n<p>1997:\u00a0 Arnoldo Iguar\u00e1n<\/p>\n<p>1981:\u00a0 Hugo L\u00f3ndero<\/p>\n","protected":false},"excerpt":{"rendered":"<p>C\u00daCUTA.- A pesar de la despedida del Torneo II de la Dimayor, en la \u00faltima fecha, y de quedar fuera de toda posibilidad para regresar a la primera divisi\u00f3n, los cucute\u00f1os no se olvidan del club y de los jugadores. En las calles es f\u00e1cil encontrar a uno, dos, diez, muchos adultos y ni\u00f1os con &hellip;<\/p>\n","protected":false},"author":1,"featured_media":39722,"comment_status":"open","ping_status":"open","sticky":false,"template":"","format":"standard","meta":{"footnotes":""},"categories":[4,28],"tags":[5839,3805,5541,1396],"class_list":["post-39721","post","type-post","status-publish","format-standard","has-post-thumbnail","hentry","category-barra","category-vistazo-deportivo","tag-aficion-motilona","tag-aficion-rojinegra","tag-cucuta-deportivo-2023","tag-dimayor"],"_links":{"self":[{"href":"https:\/\/contraluzcucuta.co\/index.php?rest_route=\/wp\/v2\/posts\/39721","targetHints":{"allow":["GET"]}}],"collection":[{"href":"https:\/\/contraluzcucuta.co\/index.php?rest_route=\/wp\/v2\/posts"}],"about":[{"href":"https:\/\/contraluzcucuta.co\/index.php?rest_route=\/wp\/v2\/types\/post"}],"author":[{"embeddable":true,"href":"https:\/\/contraluzcucuta.co\/index.php?rest_route=\/wp\/v2\/users\/1"}],"replies":[{"embeddable":true,"href":"https:\/\/contraluzcucuta.co\/index.php?rest_route=%2Fwp%2Fv2%2Fcomments&post=39721"}],"version-history":[{"count":1,"href":"https:\/\/contraluzcucuta.co\/index.php?rest_route=\/wp\/v2\/posts\/39721\/revisions"}],"predecessor-version":[{"id":39724,"href":"https:\/\/contraluzcucuta.co\/index.php?rest_route=\/wp\/v2\/posts\/39721\/revisions\/39724"}],"wp:featuredmedia":[{"embeddable":true,"href":"https:\/\/contraluzcucuta.co\/index.php?rest_route=\/wp\/v2\/media\/39722"}],"wp:attachment":[{"href":"https:\/\/contraluzcucuta.co\/index.php?rest_route=%2Fwp%2Fv2%2Fmedia&parent=39721"}],"wp:term":[{"taxonomy":"category","embeddable":true,"href":"https:\/\/contraluzcucuta.co\/index.php?rest_route=%2Fwp%2Fv2%2Fcategories&post=39721"},{"taxonomy":"post_tag","embeddable":true,"href":"https:\/\/contraluzcucuta.co\/index.php?rest_route=%2Fwp%2Fv2%2Ftags&post=39721"}],"curies":[{"name":"wp","href":"https:\/\/api.w.org\/{rel}","templated":true}]}}