{"id":39700,"date":"2023-11-24T05:09:45","date_gmt":"2023-11-24T10:09:45","guid":{"rendered":"https:\/\/contraluzcucuta.co\/?p=39700"},"modified":"2023-11-24T05:13:09","modified_gmt":"2023-11-24T10:13:09","slug":"mirada-al-pasado-uribe-espinosa-una-amistad-en-retrospectiva","status":"publish","type":"post","link":"https:\/\/contraluzcucuta.co\/?p=39700","title":{"rendered":"MIRADA AL PASADO. Uribe \u2013 Espinosa, una amistad en retrospectiva"},"content":{"rendered":"<p style=\"padding-left: 40px; text-align: right;\"><strong><span style=\"color: #ff9900;\">C\u00daCUTA.- Hugo Espinosa es afable, tranquilo y humilde. Ha vivido varias d\u00e9cadas y durante ese tiempo ha disfrutado de los sabores dulces que dan los \u00e9xitos, aunque, tambi\u00e9n, ha tenido uno que otro dolor de cabeza. Hoy, se mete en los recuerdos para retroceder varios a\u00f1os y revivir esos momentos que conserva frescos en la memoria.<\/span><\/strong><\/p>\n<p>En la mesa de centro, del juego de muebles de mimbre, est\u00e1 la media ma\u00f1ana servida. No pod\u00eda ser diferente a la que consumen miles de cucute\u00f1os luego del desayuno y antes del almuerzo. Un vaso de mazato y dos pasteles de garbanzo invitan a parar la charla, pero el anfitri\u00f3n sigue de largo para tropezar con los comienzos de los a\u00f1os 70 del siglo XX.<\/p>\n<p><a href=\"https:\/\/contraluzcucuta.co\/wp-content\/uploads\/2023\/11\/HUGO-ESPINOSA-2.jpeg\"><img loading=\"lazy\" decoding=\"async\" class=\"alignnone size-medium wp-image-39701 alignleft\" src=\"https:\/\/contraluzcucuta.co\/wp-content\/uploads\/2023\/11\/HUGO-ESPINOSA-2-300x225.jpeg\" alt=\"\" width=\"300\" height=\"225\" srcset=\"https:\/\/contraluzcucuta.co\/wp-content\/uploads\/2023\/11\/HUGO-ESPINOSA-2-300x225.jpeg 300w, https:\/\/contraluzcucuta.co\/wp-content\/uploads\/2023\/11\/HUGO-ESPINOSA-2-600x450.jpeg 600w, https:\/\/contraluzcucuta.co\/wp-content\/uploads\/2023\/11\/HUGO-ESPINOSA-2-1024x768.jpeg 1024w, https:\/\/contraluzcucuta.co\/wp-content\/uploads\/2023\/11\/HUGO-ESPINOSA-2-768x576.jpeg 768w, https:\/\/contraluzcucuta.co\/wp-content\/uploads\/2023\/11\/HUGO-ESPINOSA-2.jpeg 1280w\" sizes=\"auto, (max-width: 300px) 100vw, 300px\" \/><\/a><\/p>\n<p>Por esos d\u00edas estudiaba en la universidad. En Manizales se preparaba para ser el ingeniero agr\u00f3nomo que es hoy. Entre libros, clases y aprendizajes conoci\u00f3 a las hermanas V\u00e9lez, nacidas en Salamina (Caldas). Una de ellas le correspondi\u00f3 a los latidos del coraz\u00f3n. La menor, puso los ojos en otro hombre, que deb\u00eda bajar de Medell\u00edn para verse.<\/p>\n<p>La relaci\u00f3n de las parejas le permiti\u00f3 a Hugo tener, y mantener, buena amistad con el muchos a\u00f1os despu\u00e9s presidente de Colombia, \u00c1lvaro Uribe V\u00e9lez. El cucute\u00f1o y el paisa se hac\u00edan \u2018el dos\u2019 para salir con las hermanas. Espinosa, por su condici\u00f3n de estudiante llevaba poco dinero en los bolsillos. El pudiente era Uribe y pagaba todo.<\/p>\n<p>La casualidad que los uni\u00f3 los separ\u00f3. Cada uno tom\u00f3 el rumbo que ten\u00edan signado en el libro de la vida. Hugo regres\u00f3 a la capital de Norte de Santander y \u00c1lvaro retorn\u00f3 a la primera ciudad de Antioquia. Las muchachas quedaron en su pueblo con las im\u00e1genes registradas en el cerebro.<\/p>\n<p>El calendario continu\u00f3 deshoj\u00e1ndose mes a mes. La sencillez de Hugo no ha permitido que cuente los beneficios alcanzados por haberle \u2018hecho la segunda\u2019 al exmandatario colombiano.<\/p>\n<p>Uribe, el amigo de Espinosa, fue nombrado director de la Aeron\u00e1utica Civil (24 de marzo de 1980 &#8211; 7 de agosto de 1982). Le dio la administraci\u00f3n del aeropuerto Camilo Daza.<\/p>\n<p>En una visita a C\u00facuta le regal\u00f3 la primera casa que el \u2018Tochecito\u2019 Espinosa tuvo. Estaba en la urbanizaci\u00f3n Juana Paula. Despu\u00e9s la vendi\u00f3 para comprar apartamento. Ahora, vive en conjunto cerrado.<\/p>\n<p><a href=\"https:\/\/contraluzcucuta.co\/wp-content\/uploads\/2023\/11\/HUGO-ESPINOSA-1.jpeg\"><img loading=\"lazy\" decoding=\"async\" class=\"alignnone size-medium wp-image-39704 alignleft\" src=\"https:\/\/contraluzcucuta.co\/wp-content\/uploads\/2023\/11\/HUGO-ESPINOSA-1-300x225.jpeg\" alt=\"\" width=\"300\" height=\"225\" srcset=\"https:\/\/contraluzcucuta.co\/wp-content\/uploads\/2023\/11\/HUGO-ESPINOSA-1-300x225.jpeg 300w, https:\/\/contraluzcucuta.co\/wp-content\/uploads\/2023\/11\/HUGO-ESPINOSA-1-600x450.jpeg 600w, https:\/\/contraluzcucuta.co\/wp-content\/uploads\/2023\/11\/HUGO-ESPINOSA-1-1024x768.jpeg 1024w, https:\/\/contraluzcucuta.co\/wp-content\/uploads\/2023\/11\/HUGO-ESPINOSA-1-768x576.jpeg 768w, https:\/\/contraluzcucuta.co\/wp-content\/uploads\/2023\/11\/HUGO-ESPINOSA-1.jpeg 1280w\" sizes=\"auto, (max-width: 300px) 100vw, 300px\" \/><\/a><\/p>\n<p>\u00c1lvaro, el compinche de Hugo en Manizales, decidi\u00f3 buscar la presidencia de Colombia. Escogi\u00f3 a Espinosa como coordinador de la campa\u00f1a en Norte de Santander. Hab\u00eda otros nombres, pero la amistad se impuso.<\/p>\n<p>Al ser elegido presidente de la rep\u00fablica le ofreci\u00f3 un consulado en Ecuador. Demasiado lejos. El cucute\u00f1o ten\u00eda vista la oficina consular en M\u00e9rida (Venezuela). All\u00e1, permaneci\u00f3 seis a\u00f1os.<\/p>\n<p>En la \u00faltima visita a C\u00facuta, cuando Uribe dio el aval al general Mora para la Gobernaci\u00f3n de Norte de Santander, se saludaron de mano. \u201cCu\u00eddese, Huguito, porque lo necesitamos\u201d, le dijo \u00c1lvaro Uribe en el Club Comercio. No han vuelto a conversar.<\/p>\n<p>Es tal la modestia de Hugo Espinosa que no tiene el n\u00famero telef\u00f3nico del m\u00e1s m\u00e1s en el Centro Democr\u00e1tico. En cambio, su esposa lo llama para comentarle los avatares cotidianos. Y lo hace a una hora inusual, a las 5:00 de la ma\u00f1ana. Uribe le responde y parlotean en tono familiar.<\/p>\n<p>Lleg\u00f3 el tinto humeante, servido en pocillo con el logo de la universidad por la que Hugo Espinosa da pelea. Transcurrieron dos horas de agradable charla. Hubo muchos m\u00e1s temas, por supuesto, y cinco confesiones que permanecer\u00e1n en secreto.<\/p>\n<p><strong>RAFAEL ANTONIO PAB\u00d3N<\/strong><\/p>\n<p><a href=\"mailto:rafaelpabon58@hotmail.com\"><strong>rafaelpabon58@hotmail.com<\/strong><\/a><\/p>\n","protected":false},"excerpt":{"rendered":"<p>C\u00daCUTA.- Hugo Espinosa es afable, tranquilo y humilde. Ha vivido varias d\u00e9cadas y durante ese tiempo ha disfrutado de los sabores dulces que dan los \u00e9xitos, aunque, tambi\u00e9n, ha tenido uno que otro dolor de cabeza. Hoy, se mete en los recuerdos para retroceder varios a\u00f1os y revivir esos momentos que conserva frescos en la &hellip;<\/p>\n","protected":false},"author":1,"featured_media":39696,"comment_status":"open","ping_status":"open","sticky":false,"template":"","format":"standard","meta":{"footnotes":""},"categories":[45,4],"tags":[5088,2930],"class_list":["post-39700","post","type-post","status-publish","format-standard","has-post-thumbnail","hentry","category-destacado","category-barra","tag-hugo-espinosa","tag-perfiles-contraluz"],"_links":{"self":[{"href":"https:\/\/contraluzcucuta.co\/index.php?rest_route=\/wp\/v2\/posts\/39700","targetHints":{"allow":["GET"]}}],"collection":[{"href":"https:\/\/contraluzcucuta.co\/index.php?rest_route=\/wp\/v2\/posts"}],"about":[{"href":"https:\/\/contraluzcucuta.co\/index.php?rest_route=\/wp\/v2\/types\/post"}],"author":[{"embeddable":true,"href":"https:\/\/contraluzcucuta.co\/index.php?rest_route=\/wp\/v2\/users\/1"}],"replies":[{"embeddable":true,"href":"https:\/\/contraluzcucuta.co\/index.php?rest_route=%2Fwp%2Fv2%2Fcomments&post=39700"}],"version-history":[{"count":3,"href":"https:\/\/contraluzcucuta.co\/index.php?rest_route=\/wp\/v2\/posts\/39700\/revisions"}],"predecessor-version":[{"id":39706,"href":"https:\/\/contraluzcucuta.co\/index.php?rest_route=\/wp\/v2\/posts\/39700\/revisions\/39706"}],"wp:featuredmedia":[{"embeddable":true,"href":"https:\/\/contraluzcucuta.co\/index.php?rest_route=\/wp\/v2\/media\/39696"}],"wp:attachment":[{"href":"https:\/\/contraluzcucuta.co\/index.php?rest_route=%2Fwp%2Fv2%2Fmedia&parent=39700"}],"wp:term":[{"taxonomy":"category","embeddable":true,"href":"https:\/\/contraluzcucuta.co\/index.php?rest_route=%2Fwp%2Fv2%2Fcategories&post=39700"},{"taxonomy":"post_tag","embeddable":true,"href":"https:\/\/contraluzcucuta.co\/index.php?rest_route=%2Fwp%2Fv2%2Ftags&post=39700"}],"curies":[{"name":"wp","href":"https:\/\/api.w.org\/{rel}","templated":true}]}}