{"id":39687,"date":"2023-11-24T04:40:47","date_gmt":"2023-11-24T09:40:47","guid":{"rendered":"https:\/\/contraluzcucuta.co\/?p=39687"},"modified":"2023-11-24T05:29:58","modified_gmt":"2023-11-24T10:29:58","slug":"en-voz-alta-que-tristeza-no-patron","status":"publish","type":"post","link":"https:\/\/contraluzcucuta.co\/?p=39687","title":{"rendered":"EN VOZ ALTA. \u00a1Qu\u00e9 tristeza! \u00bfno patr\u00f3n?"},"content":{"rendered":"<p style=\"padding-left: 40px; text-align: right;\"><strong><span style=\"color: #ff9900;\">C\u00daCUTA.- La exclamaci\u00f3n es de un hombre que camina por la acera, mira a la derecha y la mirada tropieza con la figura de un joven tirado en el piso. A pesar del dolor que le despierta la imagen, sigue el camino, indiferente, como los cientos de cucute\u00f1os que transitan por ese sector de la ciudad. \u201cY no es solo en C\u00facuta, vaya a los pueblos vecinos y ver\u00e1\u2026\u201d, complement\u00f3.<\/span><\/strong><\/p>\n<p>La indigencia en C\u00facuta aument\u00f3 en los \u00faltimos a\u00f1os. Algunos, achacan esta circunstancia a la crisis pol\u00edtica y econ\u00f3mica que afronta Venezuela. El paso desesperado de los venezolanos para liberarse del r\u00e9gimen que gobierna all\u00e1 repercuti\u00f3 socialmente en la capital de Norte de Santander.<\/p>\n<p><a href=\"https:\/\/contraluzcucuta.co\/wp-content\/uploads\/2023\/11\/HABITANTES-DE-CALLE-5.jpeg\"><img loading=\"lazy\" decoding=\"async\" class=\"alignnone size-medium wp-image-39689 alignleft\" src=\"https:\/\/contraluzcucuta.co\/wp-content\/uploads\/2023\/11\/HABITANTES-DE-CALLE-5-300x225.jpeg\" alt=\"\" width=\"300\" height=\"225\" srcset=\"https:\/\/contraluzcucuta.co\/wp-content\/uploads\/2023\/11\/HABITANTES-DE-CALLE-5-300x225.jpeg 300w, https:\/\/contraluzcucuta.co\/wp-content\/uploads\/2023\/11\/HABITANTES-DE-CALLE-5-600x450.jpeg 600w, https:\/\/contraluzcucuta.co\/wp-content\/uploads\/2023\/11\/HABITANTES-DE-CALLE-5-1024x768.jpeg 1024w, https:\/\/contraluzcucuta.co\/wp-content\/uploads\/2023\/11\/HABITANTES-DE-CALLE-5-768x576.jpeg 768w, https:\/\/contraluzcucuta.co\/wp-content\/uploads\/2023\/11\/HABITANTES-DE-CALLE-5-1536x1152.jpeg 1536w, https:\/\/contraluzcucuta.co\/wp-content\/uploads\/2023\/11\/HABITANTES-DE-CALLE-5.jpeg 1600w\" sizes=\"auto, (max-width: 300px) 100vw, 300px\" \/><\/a><\/p>\n<p>Otros, analizan la situaci\u00f3n y ubican las causas en la carencia de pol\u00edticas oficiales para solventar el problema desde la ra\u00edz. Desde el gobierno municipal, en varios periodos, se han inaugurado casas para atender a los habitantes de calle. Sin embargo, despu\u00e9s de cortada la cinta el programa pierde inter\u00e9s y las aceras contin\u00faan siendo el lecho de hombres y mujeres que han ca\u00eddo en desgracia social.<\/p>\n<ul>\n<li><em>\u00bfEs para ver si los recogen?<\/em><\/li>\n<\/ul>\n<p>Pregunt\u00f3 otro hombre, en otra avenida del cuadrante principal de C\u00facuta, al ver que se tomaba la foto del hombre tirado en el piso, sin aliento alguno para despertar y comenzar el nuevo d\u00eda.<\/p>\n<p>En reciente censo del DANE, C\u00facuta aparece como la ciudad con mayor cantidad de poblaci\u00f3n indigente. El Departamento Administrativo totaliza 1211 habitantes de calle, el 83,6 % corresponde a hombres y 16,4 % a mujeres. Entre tanto, el Banquete del Bronx, que se encarga de repartir alimentos, destac\u00f3 que para 2023 la cuenta super\u00f3 los 3000.<\/p>\n<p><a href=\"https:\/\/contraluzcucuta.co\/wp-content\/uploads\/2023\/11\/HABITANTES-DE-CALLE-6.jpeg\"><img loading=\"lazy\" decoding=\"async\" class=\"alignnone size-medium wp-image-39690 alignleft\" src=\"https:\/\/contraluzcucuta.co\/wp-content\/uploads\/2023\/11\/HABITANTES-DE-CALLE-6-300x225.jpeg\" alt=\"\" width=\"300\" height=\"225\" srcset=\"https:\/\/contraluzcucuta.co\/wp-content\/uploads\/2023\/11\/HABITANTES-DE-CALLE-6-300x225.jpeg 300w, https:\/\/contraluzcucuta.co\/wp-content\/uploads\/2023\/11\/HABITANTES-DE-CALLE-6-600x450.jpeg 600w, https:\/\/contraluzcucuta.co\/wp-content\/uploads\/2023\/11\/HABITANTES-DE-CALLE-6-1024x768.jpeg 1024w, https:\/\/contraluzcucuta.co\/wp-content\/uploads\/2023\/11\/HABITANTES-DE-CALLE-6-768x576.jpeg 768w, https:\/\/contraluzcucuta.co\/wp-content\/uploads\/2023\/11\/HABITANTES-DE-CALLE-6-1536x1152.jpeg 1536w, https:\/\/contraluzcucuta.co\/wp-content\/uploads\/2023\/11\/HABITANTES-DE-CALLE-6.jpeg 1600w\" sizes=\"auto, (max-width: 300px) 100vw, 300px\" \/><\/a><\/p>\n<p>El censo revel\u00f3 que la principal causa del fen\u00f3meno est\u00e1 directamente relacionado con el consumo de drogas, conflictos o dificultades familiares y econ\u00f3micas.<\/p>\n<p>La estad\u00edstica del DANE se\u00f1ala que en casi el 50 por ciento de los habitantes de calle son venezolanos.<\/p>\n<p>El hombre no mir\u00f3 hacia atr\u00e1s, sigui\u00f3 el camino con la rapidez que impone el calor cucute\u00f1o. Entre tanto, los menesterosos permanecen entregados al vicio que los consumi\u00f3 y que los mantiene en condici\u00f3n de abandono.<\/p>\n<p><strong>RAFAEL ANTONIO PAB\u00d3N<\/strong><\/p>\n<p><strong><a href=\"mailto:rafaelpabon58@hotmail.com\">rafaelpabon58@hotmail.com<\/a><\/strong><\/p>\n","protected":false},"excerpt":{"rendered":"<p>C\u00daCUTA.- La exclamaci\u00f3n es de un hombre que camina por la acera, mira a la derecha y la mirada tropieza con la figura de un joven tirado en el piso. A pesar del dolor que le despierta la imagen, sigue el camino, indiferente, como los cientos de cucute\u00f1os que transitan por ese sector de la &hellip;<\/p>\n","protected":false},"author":1,"featured_media":39688,"comment_status":"open","ping_status":"open","sticky":false,"template":"","format":"standard","meta":{"footnotes":""},"categories":[4,36],"tags":[226,5703,5836],"class_list":["post-39687","post","type-post","status-publish","format-standard","has-post-thumbnail","hentry","category-barra","category-la-voz-del-pueblo","tag-alcaldia-de-cucuta","tag-en-voz-alta","tag-indigencia-en-cucuta"],"_links":{"self":[{"href":"https:\/\/contraluzcucuta.co\/index.php?rest_route=\/wp\/v2\/posts\/39687","targetHints":{"allow":["GET"]}}],"collection":[{"href":"https:\/\/contraluzcucuta.co\/index.php?rest_route=\/wp\/v2\/posts"}],"about":[{"href":"https:\/\/contraluzcucuta.co\/index.php?rest_route=\/wp\/v2\/types\/post"}],"author":[{"embeddable":true,"href":"https:\/\/contraluzcucuta.co\/index.php?rest_route=\/wp\/v2\/users\/1"}],"replies":[{"embeddable":true,"href":"https:\/\/contraluzcucuta.co\/index.php?rest_route=%2Fwp%2Fv2%2Fcomments&post=39687"}],"version-history":[{"count":1,"href":"https:\/\/contraluzcucuta.co\/index.php?rest_route=\/wp\/v2\/posts\/39687\/revisions"}],"predecessor-version":[{"id":39691,"href":"https:\/\/contraluzcucuta.co\/index.php?rest_route=\/wp\/v2\/posts\/39687\/revisions\/39691"}],"wp:featuredmedia":[{"embeddable":true,"href":"https:\/\/contraluzcucuta.co\/index.php?rest_route=\/wp\/v2\/media\/39688"}],"wp:attachment":[{"href":"https:\/\/contraluzcucuta.co\/index.php?rest_route=%2Fwp%2Fv2%2Fmedia&parent=39687"}],"wp:term":[{"taxonomy":"category","embeddable":true,"href":"https:\/\/contraluzcucuta.co\/index.php?rest_route=%2Fwp%2Fv2%2Fcategories&post=39687"},{"taxonomy":"post_tag","embeddable":true,"href":"https:\/\/contraluzcucuta.co\/index.php?rest_route=%2Fwp%2Fv2%2Ftags&post=39687"}],"curies":[{"name":"wp","href":"https:\/\/api.w.org\/{rel}","templated":true}]}}