{"id":39682,"date":"2023-11-21T05:18:26","date_gmt":"2023-11-21T10:18:26","guid":{"rendered":"https:\/\/contraluzcucuta.co\/?p=39682"},"modified":"2023-11-21T05:18:26","modified_gmt":"2023-11-21T10:18:26","slug":"correccion-histotiografica-cucuta-fue-fundada-el-20-de-noviembre-de-1734","status":"publish","type":"post","link":"https:\/\/contraluzcucuta.co\/?p=39682","title":{"rendered":"CORRECCI\u00d3N HISTOTIOGR\u00c1FICA. C\u00facuta fue fundada el 20 de noviembre de 1734"},"content":{"rendered":"<p style=\"padding-left: 40px; text-align: right;\"><strong><span style=\"color: #ff9900;\">C\u00daCUTA.- El historiador Silvano Pab\u00f3n, en el art\u00edculo Correcci\u00f3n histotiogr\u00e1fica del hito fundacional de San Jos\u00e9 de C\u00facuta, deja sin fundamento la fecha de fundaci\u00f3n de C\u00facuta. Por siempre, se ha ense\u00f1ado y aprendido que la capital e Norte de Santander fue fundada por Juana Rangel de Cu\u00e9llar, el 17 de junio de 1733.<\/span><\/strong><\/p>\n<p>Ahora, \u00bfcambiar\u00e1 la celebraci\u00f3n para el 20 de noviembre o se mantendr\u00e1 la costumbre?<\/p>\n<p>Apartes del texto de Pab\u00f3n son los siguientes:<\/p>\n<ul>\n<li>La escritura de donaci\u00f3n de tierras de Do\u00f1a Juana Rangel de Cu\u00e9llar no constituye, de ninguna manera, la fundaci\u00f3n de San Jos\u00e9 de C\u00facuta, pues como se ha dicho e insistido, fue solo uno de los requisitos con que debi\u00f3 contar o resolver este vecindario para ser titulados como parroquia formal el 20 de noviembre de 1734.<\/li>\n<li>En este punto radica la disfunci\u00f3n discursiva y cognitiva frente al hecho hist\u00f3rico en cuesti\u00f3n, pues se ha empoderado a trav\u00e9s del tiempo un equ\u00edvoco en la interpretaci\u00f3n de los documentos del expediente, dado que la historiograf\u00eda tradicional ha puesto o considerado la escritura de Do\u00f1a Juana Rangel de Cu\u00e9llar del 17 de junio de 1733 como el documento y fecha de fundaci\u00f3n de San Jos\u00e9 de C\u00facuta. La realidad es que esa pieza documental solo trata y obra en funci\u00f3n del cumplimiento de un requisito temprano dentro del expediente, pues de hecho con esa escritura a\u00fan no hab\u00eda seguridad alguna de tener \u00e9xito en el proyecto, dado que faltaban a\u00fan muchos requisitos que cumplir. Este documento por s\u00ed solo no representa ni puede considerarse como la fundaci\u00f3n de San Jos\u00e9 de C\u00facuta, porque no lo es, as\u00ed se quiera honrar la otorgante al extremo, la prominente matrona de aquellos tiempos.<\/li>\n<\/ul>\n<p>Lea el texto completo en: <a href=\"https:\/\/silpabon.com\/historia\/correccion-histotiografica-del-hito-fundacional-de-san-jose-de-cucuta\/\">https:\/\/silpabon.com\/historia\/correccion-histotiografica-del-hito-fundacional-de-san-jose-de-cucuta\/<\/a><\/p>\n","protected":false},"excerpt":{"rendered":"<p>C\u00daCUTA.- El historiador Silvano Pab\u00f3n, en el art\u00edculo Correcci\u00f3n histotiogr\u00e1fica del hito fundacional de San Jos\u00e9 de C\u00facuta, deja sin fundamento la fecha de fundaci\u00f3n de C\u00facuta. Por siempre, se ha ense\u00f1ado y aprendido que la capital e Norte de Santander fue fundada por Juana Rangel de Cu\u00e9llar, el 17 de junio de 1733. Ahora, &hellip;<\/p>\n","protected":false},"author":1,"featured_media":39683,"comment_status":"open","ping_status":"open","sticky":false,"template":"","format":"standard","meta":{"footnotes":""},"categories":[4,6],"tags":[5835,1452,5834],"class_list":["post-39682","post","type-post","status-publish","format-standard","has-post-thumbnail","hentry","category-barra","category-ojo-avizor","tag-hisotira-de-cucuta","tag-juana-rangel-de-cuellar","tag-silvano-pabon"],"_links":{"self":[{"href":"https:\/\/contraluzcucuta.co\/index.php?rest_route=\/wp\/v2\/posts\/39682","targetHints":{"allow":["GET"]}}],"collection":[{"href":"https:\/\/contraluzcucuta.co\/index.php?rest_route=\/wp\/v2\/posts"}],"about":[{"href":"https:\/\/contraluzcucuta.co\/index.php?rest_route=\/wp\/v2\/types\/post"}],"author":[{"embeddable":true,"href":"https:\/\/contraluzcucuta.co\/index.php?rest_route=\/wp\/v2\/users\/1"}],"replies":[{"embeddable":true,"href":"https:\/\/contraluzcucuta.co\/index.php?rest_route=%2Fwp%2Fv2%2Fcomments&post=39682"}],"version-history":[{"count":1,"href":"https:\/\/contraluzcucuta.co\/index.php?rest_route=\/wp\/v2\/posts\/39682\/revisions"}],"predecessor-version":[{"id":39684,"href":"https:\/\/contraluzcucuta.co\/index.php?rest_route=\/wp\/v2\/posts\/39682\/revisions\/39684"}],"wp:featuredmedia":[{"embeddable":true,"href":"https:\/\/contraluzcucuta.co\/index.php?rest_route=\/wp\/v2\/media\/39683"}],"wp:attachment":[{"href":"https:\/\/contraluzcucuta.co\/index.php?rest_route=%2Fwp%2Fv2%2Fmedia&parent=39682"}],"wp:term":[{"taxonomy":"category","embeddable":true,"href":"https:\/\/contraluzcucuta.co\/index.php?rest_route=%2Fwp%2Fv2%2Fcategories&post=39682"},{"taxonomy":"post_tag","embeddable":true,"href":"https:\/\/contraluzcucuta.co\/index.php?rest_route=%2Fwp%2Fv2%2Ftags&post=39682"}],"curies":[{"name":"wp","href":"https:\/\/api.w.org\/{rel}","templated":true}]}}