{"id":39678,"date":"2023-11-21T05:07:11","date_gmt":"2023-11-21T10:07:11","guid":{"rendered":"https:\/\/contraluzcucuta.co\/?p=39678"},"modified":"2023-11-21T05:07:11","modified_gmt":"2023-11-21T10:07:11","slug":"cambio-en-cucuta-sale-yanez-entra-acevedo","status":"publish","type":"post","link":"https:\/\/contraluzcucuta.co\/?p=39678","title":{"rendered":"CAMBIO EN C\u00daCUTA. Sale Y\u00e1\u00f1ez, entra Acevedo"},"content":{"rendered":"<p style=\"padding-left: 40px; text-align: right;\"><strong><span style=\"color: #ff9900;\">C\u00daCUTA.- Dos d\u00edas tardar\u00e1n los equipos de los alcaldes saliente y entrante en el proceso formal de transici\u00f3n del gobierno cucute\u00f1os. La primera jornada, en el Palacio Municipal, const\u00f3 del acto protocolario, en el que Jairo Y\u00e1\u00f1ez y Jairo Acevedo abrieron el cronograma de actividades que permitir\u00e1 mostrar los avances y exponer las apuestas gestadas en los \u00faltimos cuatro a\u00f1os.<\/span><\/strong><\/p>\n<p>\u201cNos sentimos orgullosos, porque hemos buscado consolidar una ciudad competitiva, humana y social que se evidencie en los indicadores como la tasa de disminuci\u00f3n del desempleo y la pobreza\u201d, dijo Y\u00e1\u00f1ez. Asegur\u00f3 que estructur\u00f3 40 proyectos estrat\u00e9gicos que sentar\u00e1n las bases para el futuro pr\u00f3spero y sostenible de la capital de Norte de Santander.<\/p>\n<p><a href=\"https:\/\/contraluzcucuta.co\/wp-content\/uploads\/2023\/11\/ACEVEDO-Y-YANEZ-5.jpeg\"><img loading=\"lazy\" decoding=\"async\" class=\"alignnone size-medium wp-image-39680 alignleft\" src=\"https:\/\/contraluzcucuta.co\/wp-content\/uploads\/2023\/11\/ACEVEDO-Y-YANEZ-5-300x200.jpeg\" alt=\"\" width=\"300\" height=\"200\" srcset=\"https:\/\/contraluzcucuta.co\/wp-content\/uploads\/2023\/11\/ACEVEDO-Y-YANEZ-5-300x200.jpeg 300w, https:\/\/contraluzcucuta.co\/wp-content\/uploads\/2023\/11\/ACEVEDO-Y-YANEZ-5-600x400.jpeg 600w, https:\/\/contraluzcucuta.co\/wp-content\/uploads\/2023\/11\/ACEVEDO-Y-YANEZ-5-1024x682.jpeg 1024w, https:\/\/contraluzcucuta.co\/wp-content\/uploads\/2023\/11\/ACEVEDO-Y-YANEZ-5-768x512.jpeg 768w, https:\/\/contraluzcucuta.co\/wp-content\/uploads\/2023\/11\/ACEVEDO-Y-YANEZ-5-1536x1023.jpeg 1536w, https:\/\/contraluzcucuta.co\/wp-content\/uploads\/2023\/11\/ACEVEDO-Y-YANEZ-5.jpeg 1600w\" sizes=\"auto, (max-width: 300px) 100vw, 300px\" \/><\/a><\/p>\n<p>Al acto asistieron los voceros de cada equipo y las comisiones que trabajar\u00e1n en el proceso de transici\u00f3n.<\/p>\n<p>Acevedo agradeci\u00f3 la disposici\u00f3n de su antecesor y el equipo \u201cal armonizar esta transici\u00f3n, porque han compartido informaci\u00f3n y recomendaciones para manejar cada uno de los procesos\u201d.<\/p>\n<p>La segunda jornada se llevar\u00e1 a cabo en la Escuela Superior de Administraci\u00f3n<\/p>\n<p>P\u00fablica. Los mandatarios dialogar\u00e1n sobre proyectos estrat\u00e9gicos que se han planeado y ejecutado en beneficio de la ciudadan\u00eda.<\/p>\n<p>Los secretarios del gabinete municipal y directores de entidades descentralizadas presentar\u00e1n los despachos ante el equipo que llega a gobernar.<\/p>\n<p>El ejercicio se desarrollar\u00e1 en 32 mesas, las cuales producir\u00e1n un documento final con aportes de cada dependencia.<\/p>\n","protected":false},"excerpt":{"rendered":"<p>C\u00daCUTA.- Dos d\u00edas tardar\u00e1n los equipos de los alcaldes saliente y entrante en el proceso formal de transici\u00f3n del gobierno cucute\u00f1os. La primera jornada, en el Palacio Municipal, const\u00f3 del acto protocolario, en el que Jairo Y\u00e1\u00f1ez y Jairo Acevedo abrieron el cronograma de actividades que permitir\u00e1 mostrar los avances y exponer las apuestas gestadas &hellip;<\/p>\n","protected":false},"author":1,"featured_media":39679,"comment_status":"open","ping_status":"open","sticky":false,"template":"","format":"standard","meta":{"footnotes":""},"categories":[2625,4],"tags":[226,2062,2192,5833],"class_list":["post-39678","post","type-post","status-publish","format-standard","has-post-thumbnail","hentry","category-alcaldia-de-cucuta","category-barra","tag-alcaldia-de-cucuta","tag-jaime-yanez","tag-jorge-acevedo","tag-relevo-politico"],"_links":{"self":[{"href":"https:\/\/contraluzcucuta.co\/index.php?rest_route=\/wp\/v2\/posts\/39678","targetHints":{"allow":["GET"]}}],"collection":[{"href":"https:\/\/contraluzcucuta.co\/index.php?rest_route=\/wp\/v2\/posts"}],"about":[{"href":"https:\/\/contraluzcucuta.co\/index.php?rest_route=\/wp\/v2\/types\/post"}],"author":[{"embeddable":true,"href":"https:\/\/contraluzcucuta.co\/index.php?rest_route=\/wp\/v2\/users\/1"}],"replies":[{"embeddable":true,"href":"https:\/\/contraluzcucuta.co\/index.php?rest_route=%2Fwp%2Fv2%2Fcomments&post=39678"}],"version-history":[{"count":1,"href":"https:\/\/contraluzcucuta.co\/index.php?rest_route=\/wp\/v2\/posts\/39678\/revisions"}],"predecessor-version":[{"id":39681,"href":"https:\/\/contraluzcucuta.co\/index.php?rest_route=\/wp\/v2\/posts\/39678\/revisions\/39681"}],"wp:featuredmedia":[{"embeddable":true,"href":"https:\/\/contraluzcucuta.co\/index.php?rest_route=\/wp\/v2\/media\/39679"}],"wp:attachment":[{"href":"https:\/\/contraluzcucuta.co\/index.php?rest_route=%2Fwp%2Fv2%2Fmedia&parent=39678"}],"wp:term":[{"taxonomy":"category","embeddable":true,"href":"https:\/\/contraluzcucuta.co\/index.php?rest_route=%2Fwp%2Fv2%2Fcategories&post=39678"},{"taxonomy":"post_tag","embeddable":true,"href":"https:\/\/contraluzcucuta.co\/index.php?rest_route=%2Fwp%2Fv2%2Ftags&post=39678"}],"curies":[{"name":"wp","href":"https:\/\/api.w.org\/{rel}","templated":true}]}}