{"id":39598,"date":"2023-11-10T20:15:28","date_gmt":"2023-11-11T01:15:28","guid":{"rendered":"https:\/\/contraluzcucuta.co\/?p=39598"},"modified":"2023-11-10T20:15:28","modified_gmt":"2023-11-11T01:15:28","slug":"invias-el-tarrita-se-mantiene-en-vilo","status":"publish","type":"post","link":"https:\/\/contraluzcucuta.co\/?p=39598","title":{"rendered":"INV\u00cdAS. El Tarrita se mantiene en vilo"},"content":{"rendered":"<p style=\"padding-left: 40px; text-align: right;\"><strong><span style=\"color: #ff9900;\">El Tarrita, antes de la avalancha de mayo, era un punto geogr\u00e1fico desconocido para el resto de Colombia. Quiz\u00e1s, solo en la subregi\u00f3n occidental de Norte de Santander se sab\u00eda de la existencia de esta vereda, perteneciente a \u00c1brego. Est\u00e1 a unos 100 kil\u00f3metros al sur de C\u00facuta y sali\u00f3 a la luz por la emergencia que dej\u00f3 incomunicado a Oca\u00f1a con la capital del departamento.<\/span><\/strong><\/p>\n<figure id=\"attachment_39600\" aria-describedby=\"caption-attachment-39600\" style=\"width: 300px\" class=\"wp-caption alignleft\"><a href=\"https:\/\/contraluzcucuta.co\/wp-content\/uploads\/2023\/11\/EL-TARRITA-32.jpg\"><img loading=\"lazy\" decoding=\"async\" class=\"size-medium wp-image-39600\" src=\"https:\/\/contraluzcucuta.co\/wp-content\/uploads\/2023\/11\/EL-TARRITA-32-300x169.jpg\" alt=\"\" width=\"300\" height=\"169\" srcset=\"https:\/\/contraluzcucuta.co\/wp-content\/uploads\/2023\/11\/EL-TARRITA-32-300x169.jpg 300w, https:\/\/contraluzcucuta.co\/wp-content\/uploads\/2023\/11\/EL-TARRITA-32-600x338.jpg 600w, https:\/\/contraluzcucuta.co\/wp-content\/uploads\/2023\/11\/EL-TARRITA-32-1024x576.jpg 1024w, https:\/\/contraluzcucuta.co\/wp-content\/uploads\/2023\/11\/EL-TARRITA-32-768x432.jpg 768w, https:\/\/contraluzcucuta.co\/wp-content\/uploads\/2023\/11\/EL-TARRITA-32.jpg 1200w\" sizes=\"auto, (max-width: 300px) 100vw, 300px\" \/><\/a><figcaption id=\"caption-attachment-39600\" class=\"wp-caption-text\"><em>Foto: Archivo<\/em><\/figcaption><\/figure>\n<p>Desde entonces, el Gobierno ha estado al tanto, por intermedio de las correspondientes instituciones, para restaurar la infraestructura vial y restablecer el tr\u00e1nsito vehicular. La \u00faltima visita al lugar la hizo la directora de Inv\u00edas, Mercedes G\u00f3mez, quien recorri\u00f3 el corredor Oca\u00f1a-C\u00facuta, acompa\u00f1ada por Mar\u00eda Constanza Garc\u00eda, viceministra de Infraestructura.<\/p>\n<p>Las funcionarias constataron los trabajos de pavimentaci\u00f3n de los accesos a los puentes temporales, instalados para dar mejor tr\u00e1nsito por los sectores en los que no se pudo llegar a la cota antes de la avalancha.<\/p>\n<p>\u201cSe necesita el concurso de varias entidades que nos permitan reencauzar el r\u00edo para que se aleje de los taludes de la carretera\u201d, dijo Mercedes G\u00f3mez. El r\u00edo, permanentemente, golpea en algunos puntos el talud de la carretera debido al cambio del cauce.<\/p>\n<p>\u201cEst\u00e1 ocasionando nuevas situaciones que en el momento de la avalancha no ten\u00eda la carretera\u201d, asegur\u00f3 la directora de Inv\u00edas<\/p>\n","protected":false},"excerpt":{"rendered":"<p>El Tarrita, antes de la avalancha de mayo, era un punto geogr\u00e1fico desconocido para el resto de Colombia. Quiz\u00e1s, solo en la subregi\u00f3n occidental de Norte de Santander se sab\u00eda de la existencia de esta vereda, perteneciente a \u00c1brego. Est\u00e1 a unos 100 kil\u00f3metros al sur de C\u00facuta y sali\u00f3 a la luz por la &hellip;<\/p>\n","protected":false},"author":1,"featured_media":39599,"comment_status":"open","ping_status":"open","sticky":false,"template":"","format":"standard","meta":{"footnotes":""},"categories":[45,4],"tags":[5704,393],"class_list":["post-39598","post","type-post","status-publish","format-standard","has-post-thumbnail","hentry","category-destacado","category-barra","tag-emergencia-en-el-tarrita","tag-invias"],"_links":{"self":[{"href":"https:\/\/contraluzcucuta.co\/index.php?rest_route=\/wp\/v2\/posts\/39598","targetHints":{"allow":["GET"]}}],"collection":[{"href":"https:\/\/contraluzcucuta.co\/index.php?rest_route=\/wp\/v2\/posts"}],"about":[{"href":"https:\/\/contraluzcucuta.co\/index.php?rest_route=\/wp\/v2\/types\/post"}],"author":[{"embeddable":true,"href":"https:\/\/contraluzcucuta.co\/index.php?rest_route=\/wp\/v2\/users\/1"}],"replies":[{"embeddable":true,"href":"https:\/\/contraluzcucuta.co\/index.php?rest_route=%2Fwp%2Fv2%2Fcomments&post=39598"}],"version-history":[{"count":1,"href":"https:\/\/contraluzcucuta.co\/index.php?rest_route=\/wp\/v2\/posts\/39598\/revisions"}],"predecessor-version":[{"id":39601,"href":"https:\/\/contraluzcucuta.co\/index.php?rest_route=\/wp\/v2\/posts\/39598\/revisions\/39601"}],"wp:featuredmedia":[{"embeddable":true,"href":"https:\/\/contraluzcucuta.co\/index.php?rest_route=\/wp\/v2\/media\/39599"}],"wp:attachment":[{"href":"https:\/\/contraluzcucuta.co\/index.php?rest_route=%2Fwp%2Fv2%2Fmedia&parent=39598"}],"wp:term":[{"taxonomy":"category","embeddable":true,"href":"https:\/\/contraluzcucuta.co\/index.php?rest_route=%2Fwp%2Fv2%2Fcategories&post=39598"},{"taxonomy":"post_tag","embeddable":true,"href":"https:\/\/contraluzcucuta.co\/index.php?rest_route=%2Fwp%2Fv2%2Ftags&post=39598"}],"curies":[{"name":"wp","href":"https:\/\/api.w.org\/{rel}","templated":true}]}}