{"id":39591,"date":"2023-11-10T20:02:08","date_gmt":"2023-11-11T01:02:08","guid":{"rendered":"https:\/\/contraluzcucuta.co\/?p=39591"},"modified":"2023-11-10T20:03:00","modified_gmt":"2023-11-11T01:03:00","slug":"comite-de-cafeteros-frijol-biofortificado-complementa-dieta-de-caficultores","status":"publish","type":"post","link":"https:\/\/contraluzcucuta.co\/?p=39591","title":{"rendered":"COMIT\u00c9 DE CAFETEROS. Fr\u00edjol biofortificado complementa dieta de caficultores"},"content":{"rendered":"<p style=\"padding-left: 40px; text-align: right;\"><strong><span style=\"color: #ff9900;\">C\u00daCUTA.- El Comit\u00e9 Departamental de Cafeteros particip\u00f3 en la presentaci\u00f3n de las tres variedades de fr\u00edjol, con las que se impulsar\u00e1 la seguridad alimentaria de las familias caficultoras en Colombia.<\/span><\/strong><\/p>\n<p>El acto se cumpli\u00f3 en la Estaci\u00f3n Central Naranjal de Cenicaf\u00e9 FNC, con la asistencia de Diana Esperanza L\u00f3pez, lideresa departamental de Extensi\u00f3n Rural, y Miguel \u00c1ngel Contreras, coordinador IPA.<\/p>\n<p>El fr\u00edjol biofortificado, rico en hierro (Fe) y zinc (Zn), es fundamental en la dieta, debido a que permite el desarrollo del consumidor, especialmente la poblaci\u00f3n infantil de las zonas rurales y que necesita incorporar nutrientes esenciales durante la etapa de crecimiento.<\/p>\n<p>El Comit\u00e9 de Cafeteros promueve este tipo de material, por cuanto permite el desarrollo de las familias caficultoras y campesinas, ayuda con el cuidado del medio ambiente y genera ingresos adicionales a las empresas cafeteras.<\/p>\n","protected":false},"excerpt":{"rendered":"<p>C\u00daCUTA.- El Comit\u00e9 Departamental de Cafeteros particip\u00f3 en la presentaci\u00f3n de las tres variedades de fr\u00edjol, con las que se impulsar\u00e1 la seguridad alimentaria de las familias caficultoras en Colombia. El acto se cumpli\u00f3 en la Estaci\u00f3n Central Naranjal de Cenicaf\u00e9 FNC, con la asistencia de Diana Esperanza L\u00f3pez, lideresa departamental de Extensi\u00f3n Rural, y &hellip;<\/p>\n","protected":false},"author":1,"featured_media":39592,"comment_status":"open","ping_status":"open","sticky":false,"template":"","format":"standard","meta":{"footnotes":""},"categories":[4,36],"tags":[5811,5757,2740,5812],"class_list":["post-39591","post","type-post","status-publish","format-standard","has-post-thumbnail","hentry","category-barra","category-la-voz-del-pueblo","tag-cenicafe","tag-comite-departamental-de-cafeteros","tag-federacion-nacional-de-cafeteros","tag-frijol-biofortificado"],"_links":{"self":[{"href":"https:\/\/contraluzcucuta.co\/index.php?rest_route=\/wp\/v2\/posts\/39591","targetHints":{"allow":["GET"]}}],"collection":[{"href":"https:\/\/contraluzcucuta.co\/index.php?rest_route=\/wp\/v2\/posts"}],"about":[{"href":"https:\/\/contraluzcucuta.co\/index.php?rest_route=\/wp\/v2\/types\/post"}],"author":[{"embeddable":true,"href":"https:\/\/contraluzcucuta.co\/index.php?rest_route=\/wp\/v2\/users\/1"}],"replies":[{"embeddable":true,"href":"https:\/\/contraluzcucuta.co\/index.php?rest_route=%2Fwp%2Fv2%2Fcomments&post=39591"}],"version-history":[{"count":1,"href":"https:\/\/contraluzcucuta.co\/index.php?rest_route=\/wp\/v2\/posts\/39591\/revisions"}],"predecessor-version":[{"id":39593,"href":"https:\/\/contraluzcucuta.co\/index.php?rest_route=\/wp\/v2\/posts\/39591\/revisions\/39593"}],"wp:featuredmedia":[{"embeddable":true,"href":"https:\/\/contraluzcucuta.co\/index.php?rest_route=\/wp\/v2\/media\/39592"}],"wp:attachment":[{"href":"https:\/\/contraluzcucuta.co\/index.php?rest_route=%2Fwp%2Fv2%2Fmedia&parent=39591"}],"wp:term":[{"taxonomy":"category","embeddable":true,"href":"https:\/\/contraluzcucuta.co\/index.php?rest_route=%2Fwp%2Fv2%2Fcategories&post=39591"},{"taxonomy":"post_tag","embeddable":true,"href":"https:\/\/contraluzcucuta.co\/index.php?rest_route=%2Fwp%2Fv2%2Ftags&post=39591"}],"curies":[{"name":"wp","href":"https:\/\/api.w.org\/{rel}","templated":true}]}}