{"id":39560,"date":"2023-11-02T20:30:50","date_gmt":"2023-11-03T01:30:50","guid":{"rendered":"https:\/\/contraluzcucuta.co\/?p=39560"},"modified":"2023-11-02T20:30:50","modified_gmt":"2023-11-03T01:30:50","slug":"intervencion-forense-nuevo-cierre-del-cementerio-central","status":"publish","type":"post","link":"https:\/\/contraluzcucuta.co\/?p=39560","title":{"rendered":"INTERVENCI\u00d3N FORENSE. Nuevo cierre del Cementerio Central"},"content":{"rendered":"<p style=\"padding-left: 40px; text-align: right;\"><strong><span style=\"color: #ff9900;\">C\u00daCUTA.- El Cementerio Central de C\u00facuta estar\u00e1 cerrado del 7 al 19 de noviembre. El motivo es la quinta etapa de intervenci\u00f3n forense que adelantar\u00e1 la Unidad de B\u00fasqueda de Personas Dadas por Desaparecidas (UBPD), Unidad de Investigaci\u00f3n y Acusaci\u00f3n de la JEP, y el Instituto Nacional de Medicina Legal y de Ciencias Forense (INMLCF).<\/span><\/strong><\/p>\n<p><a href=\"https:\/\/contraluzcucuta.co\/wp-content\/uploads\/2023\/11\/CEMENTERIO-3.jpeg\"><img loading=\"lazy\" decoding=\"async\" class=\"alignnone size-medium wp-image-39562 alignleft\" src=\"https:\/\/contraluzcucuta.co\/wp-content\/uploads\/2023\/11\/CEMENTERIO-3-300x225.jpeg\" alt=\"\" width=\"300\" height=\"225\" srcset=\"https:\/\/contraluzcucuta.co\/wp-content\/uploads\/2023\/11\/CEMENTERIO-3-300x225.jpeg 300w, https:\/\/contraluzcucuta.co\/wp-content\/uploads\/2023\/11\/CEMENTERIO-3-600x450.jpeg 600w, https:\/\/contraluzcucuta.co\/wp-content\/uploads\/2023\/11\/CEMENTERIO-3-1024x768.jpeg 1024w, https:\/\/contraluzcucuta.co\/wp-content\/uploads\/2023\/11\/CEMENTERIO-3-768x576.jpeg 768w, https:\/\/contraluzcucuta.co\/wp-content\/uploads\/2023\/11\/CEMENTERIO-3-1536x1152.jpeg 1536w, https:\/\/contraluzcucuta.co\/wp-content\/uploads\/2023\/11\/CEMENTERIO-3.jpeg 1600w\" sizes=\"auto, (max-width: 300px) 100vw, 300px\" \/><\/a><\/p>\n<p>El camposanto tendr\u00e1 las siguientes restricciones:<\/p>\n<ol>\n<li>No se permitir\u00e1 el ingreso ni se podr\u00e1 ejecutar mantenimiento de panteones, b\u00f3vedas, resteros y sepulturas.<\/li>\n<li>En materia de inhumaciones, solo se permitir\u00e1 el ingreso de 35 dolientes por ser querido.<\/li>\n<li>Durante el periodo se\u00f1alado no se programar\u00e1n ni se autorizar\u00e1n labores de exhumaci\u00f3n.<\/li>\n<li>Las restricciones ser\u00e1n extendidas a eucarist\u00edas, ceremonias y cultos religiosos.<\/li>\n<\/ol>\n<p>Las exhumaciones, mantenimientos, traslados de restos autorizadas por la administraci\u00f3n deber\u00e1n ser programadas para despu\u00e9s del 20 de noviembre.<\/p>\n<p>La consigna para la administraci\u00f3n municipal es que este lugar sagrado sea un recordatorio constante de la obligaci\u00f3n de la verdad, justicia y reparaci\u00f3n integral, para mantener viva la memoria de aquellos que no est\u00e1n, pero que nunca deben ser olvidados.<\/p>\n","protected":false},"excerpt":{"rendered":"<p>C\u00daCUTA.- El Cementerio Central de C\u00facuta estar\u00e1 cerrado del 7 al 19 de noviembre. El motivo es la quinta etapa de intervenci\u00f3n forense que adelantar\u00e1 la Unidad de B\u00fasqueda de Personas Dadas por Desaparecidas (UBPD), Unidad de Investigaci\u00f3n y Acusaci\u00f3n de la JEP, y el Instituto Nacional de Medicina Legal y de Ciencias Forense (INMLCF). &hellip;<\/p>\n","protected":false},"author":1,"featured_media":39561,"comment_status":"open","ping_status":"open","sticky":false,"template":"","format":"standard","meta":{"footnotes":""},"categories":[4,36],"tags":[2461,5740,5739],"class_list":["post-39560","post","type-post","status-publish","format-standard","has-post-thumbnail","hentry","category-barra","category-la-voz-del-pueblo","tag-cementerio-central-de-cucuta","tag-inmlcf","tag-ubpd"],"_links":{"self":[{"href":"https:\/\/contraluzcucuta.co\/index.php?rest_route=\/wp\/v2\/posts\/39560","targetHints":{"allow":["GET"]}}],"collection":[{"href":"https:\/\/contraluzcucuta.co\/index.php?rest_route=\/wp\/v2\/posts"}],"about":[{"href":"https:\/\/contraluzcucuta.co\/index.php?rest_route=\/wp\/v2\/types\/post"}],"author":[{"embeddable":true,"href":"https:\/\/contraluzcucuta.co\/index.php?rest_route=\/wp\/v2\/users\/1"}],"replies":[{"embeddable":true,"href":"https:\/\/contraluzcucuta.co\/index.php?rest_route=%2Fwp%2Fv2%2Fcomments&post=39560"}],"version-history":[{"count":1,"href":"https:\/\/contraluzcucuta.co\/index.php?rest_route=\/wp\/v2\/posts\/39560\/revisions"}],"predecessor-version":[{"id":39563,"href":"https:\/\/contraluzcucuta.co\/index.php?rest_route=\/wp\/v2\/posts\/39560\/revisions\/39563"}],"wp:featuredmedia":[{"embeddable":true,"href":"https:\/\/contraluzcucuta.co\/index.php?rest_route=\/wp\/v2\/media\/39561"}],"wp:attachment":[{"href":"https:\/\/contraluzcucuta.co\/index.php?rest_route=%2Fwp%2Fv2%2Fmedia&parent=39560"}],"wp:term":[{"taxonomy":"category","embeddable":true,"href":"https:\/\/contraluzcucuta.co\/index.php?rest_route=%2Fwp%2Fv2%2Fcategories&post=39560"},{"taxonomy":"post_tag","embeddable":true,"href":"https:\/\/contraluzcucuta.co\/index.php?rest_route=%2Fwp%2Fv2%2Ftags&post=39560"}],"curies":[{"name":"wp","href":"https:\/\/api.w.org\/{rel}","templated":true}]}}