{"id":39552,"date":"2023-11-02T20:18:50","date_gmt":"2023-11-03T01:18:50","guid":{"rendered":"https:\/\/contraluzcucuta.co\/?p=39552"},"modified":"2023-11-02T20:19:12","modified_gmt":"2023-11-03T01:19:12","slug":"grafitour-loma-de-bolivar-cambiara-la-imagen-de-las-callejuelas","status":"publish","type":"post","link":"https:\/\/contraluzcucuta.co\/?p=39552","title":{"rendered":"\u2018GRAFITOUR\u2019. Loma de Bol\u00edvar cambiar\u00e1 la imagen de las callejuelas"},"content":{"rendered":"<p style=\"padding-left: 40px; text-align: right;\"><strong><span style=\"color: #ff9900;\">C\u00daCUTA.- Caminar por las callejuelas del barrio Loma de Bol\u00edvar, en un futuro cercano, ser\u00e1 diferente. Por estos d\u00edas, j\u00f3venes artistas trabajan en la idea de consolidar el \u2018GrafiTour\u2019, a la mejor usanza de Medell\u00edn (Comuna 13) y Brasil (favelas), para hacer agradable el recorrido. Los primeros murales est\u00e1n pintados y los dem\u00e1s estar\u00e1n listos en un tiempo prudente.<\/span><\/strong><\/p>\n<p><a href=\"https:\/\/contraluzcucuta.co\/wp-content\/uploads\/2023\/11\/GRAFITOUR-5.jpeg\"><img loading=\"lazy\" decoding=\"async\" class=\"alignnone size-medium wp-image-39554 alignleft\" src=\"https:\/\/contraluzcucuta.co\/wp-content\/uploads\/2023\/11\/GRAFITOUR-5-300x225.jpeg\" alt=\"\" width=\"300\" height=\"225\" srcset=\"https:\/\/contraluzcucuta.co\/wp-content\/uploads\/2023\/11\/GRAFITOUR-5-300x225.jpeg 300w, https:\/\/contraluzcucuta.co\/wp-content\/uploads\/2023\/11\/GRAFITOUR-5-600x450.jpeg 600w, https:\/\/contraluzcucuta.co\/wp-content\/uploads\/2023\/11\/GRAFITOUR-5-1024x768.jpeg 1024w, https:\/\/contraluzcucuta.co\/wp-content\/uploads\/2023\/11\/GRAFITOUR-5-768x576.jpeg 768w, https:\/\/contraluzcucuta.co\/wp-content\/uploads\/2023\/11\/GRAFITOUR-5-1536x1152.jpeg 1536w, https:\/\/contraluzcucuta.co\/wp-content\/uploads\/2023\/11\/GRAFITOUR-5.jpeg 1600w\" sizes=\"auto, (max-width: 300px) 100vw, 300px\" \/><\/a><\/p>\n<p>El primero de noviembre, 30 artistas participaron en el selectivo para el festival de muralismo organizado por AtacArte. Cada uno plasm\u00f3 en las paredes de un callej\u00f3n su obra y registr\u00f3 su estilo. El tema fue libre y se ven pinturas con significado, impactantes a la vista y coloridas.<\/p>\n<p>Rafael Alvarado es uno de los j\u00f3venes que est\u00e1n al frente del proyecto. \u201cEn la Loma apoyamos el arte y la cultura\u201d, dijo. El embellecimiento de las paredes permitir\u00e1 que la gente vea que el barrio es tranquilo, que no les d\u00e9 miedo subir. \u201cEs el mejor mirador de C\u00facuta y deben conocerse las fortalezas\u201d.<\/p>\n<p>De la mano del Colectivo La Efigie aplican los conceptos de muralismo y urbanismo t\u00e1ctico, enfocados en que los habitantes del barrio tengan microemprendimientos y eliminar los focos de inseguridad. \u201cEl barrio, en algunos sectores, est\u00e1 abandonado y le estamos apostando para embellecerlos\u201d, afirm\u00f3 Alvarado.<\/p>\n<p>El urbanismo t\u00e1ctico se basa en la idea de efectuar intervenciones f\u00edsicas sobre el espacio p\u00fablico urbano. De esa manera, la gente que no es del barrio puede programar el \u2018Grafitour\u2019 y que vea \u201clo bonito que es La Loma, un barrio que nunca ha sido apreciado\u201d.<\/p>\n","protected":false},"excerpt":{"rendered":"<p>C\u00daCUTA.- Caminar por las callejuelas del barrio Loma de Bol\u00edvar, en un futuro cercano, ser\u00e1 diferente. Por estos d\u00edas, j\u00f3venes artistas trabajan en la idea de consolidar el \u2018GrafiTour\u2019, a la mejor usanza de Medell\u00edn (Comuna 13) y Brasil (favelas), para hacer agradable el recorrido. Los primeros murales est\u00e1n pintados y los dem\u00e1s estar\u00e1n listos &hellip;<\/p>\n","protected":false},"author":1,"featured_media":39553,"comment_status":"open","ping_status":"open","sticky":false,"template":"","format":"standard","meta":{"footnotes":""},"categories":[45,4],"tags":[5801,5802,4348,5800,2763,5803],"class_list":["post-39552","post","type-post","status-publish","format-standard","has-post-thumbnail","hentry","category-destacado","category-barra","tag-atacarte","tag-colectivo-la-efigie","tag-encuentro-de-muralismo","tag-grafitour","tag-loma-de-bolivar","tag-urbanismo-tactico"],"_links":{"self":[{"href":"https:\/\/contraluzcucuta.co\/index.php?rest_route=\/wp\/v2\/posts\/39552","targetHints":{"allow":["GET"]}}],"collection":[{"href":"https:\/\/contraluzcucuta.co\/index.php?rest_route=\/wp\/v2\/posts"}],"about":[{"href":"https:\/\/contraluzcucuta.co\/index.php?rest_route=\/wp\/v2\/types\/post"}],"author":[{"embeddable":true,"href":"https:\/\/contraluzcucuta.co\/index.php?rest_route=\/wp\/v2\/users\/1"}],"replies":[{"embeddable":true,"href":"https:\/\/contraluzcucuta.co\/index.php?rest_route=%2Fwp%2Fv2%2Fcomments&post=39552"}],"version-history":[{"count":2,"href":"https:\/\/contraluzcucuta.co\/index.php?rest_route=\/wp\/v2\/posts\/39552\/revisions"}],"predecessor-version":[{"id":39556,"href":"https:\/\/contraluzcucuta.co\/index.php?rest_route=\/wp\/v2\/posts\/39552\/revisions\/39556"}],"wp:featuredmedia":[{"embeddable":true,"href":"https:\/\/contraluzcucuta.co\/index.php?rest_route=\/wp\/v2\/media\/39553"}],"wp:attachment":[{"href":"https:\/\/contraluzcucuta.co\/index.php?rest_route=%2Fwp%2Fv2%2Fmedia&parent=39552"}],"wp:term":[{"taxonomy":"category","embeddable":true,"href":"https:\/\/contraluzcucuta.co\/index.php?rest_route=%2Fwp%2Fv2%2Fcategories&post=39552"},{"taxonomy":"post_tag","embeddable":true,"href":"https:\/\/contraluzcucuta.co\/index.php?rest_route=%2Fwp%2Fv2%2Ftags&post=39552"}],"curies":[{"name":"wp","href":"https:\/\/api.w.org\/{rel}","templated":true}]}}