{"id":39548,"date":"2023-11-02T20:08:06","date_gmt":"2023-11-03T01:08:06","guid":{"rendered":"https:\/\/contraluzcucuta.co\/?p=39548"},"modified":"2023-11-02T20:08:06","modified_gmt":"2023-11-03T01:08:06","slug":"temporada-de-lluvias-once-barrios-afectados-en-las-comunas-6-y-7","status":"publish","type":"post","link":"https:\/\/contraluzcucuta.co\/?p=39548","title":{"rendered":"TEMPORADA DE LLUVIAS. Once barrios afectados en las comunas 6 y 7"},"content":{"rendered":"<p style=\"padding-left: 40px; text-align: right;\"><strong><span style=\"color: #ff9900;\">C\u00daCUTA.- Las lluvias de los \u00faltimos d\u00edas han causado afectaciones en 11 barrios de la zona urbana. En las comunas 6 y 7, las emergencias son consecuencia de inundaciones y desbordamientos del canal de El Porvenir \u2013 Aeropuerto y la quebrada Seca, que pasa por los barrios Crisp\u00edn Dur\u00e1n (alto y bajo), Guadalupe y Villa Paz.<\/span><\/strong><\/p>\n<p style=\"padding-left: 40px;\">En la zona rural, las inundaciones afectan a los corregimientos Banco de Arena, Agua Clara (veredas El Encanto, Nueva Frontera, Campo Alegre, La Javilla) y Puerto Villamizar (veredas Los C\u00e1mbulos y la Cochinilla) y la instituci\u00f3n educativa Campo Alegre.<\/p>\n<p><a href=\"https:\/\/contraluzcucuta.co\/wp-content\/uploads\/2023\/11\/LLUVIAS-1.jpeg\"><img loading=\"lazy\" decoding=\"async\" class=\"alignnone size-medium wp-image-39550 alignleft\" src=\"https:\/\/contraluzcucuta.co\/wp-content\/uploads\/2023\/11\/LLUVIAS-1-300x169.jpeg\" alt=\"\" width=\"300\" height=\"169\" srcset=\"https:\/\/contraluzcucuta.co\/wp-content\/uploads\/2023\/11\/LLUVIAS-1-300x169.jpeg 300w, https:\/\/contraluzcucuta.co\/wp-content\/uploads\/2023\/11\/LLUVIAS-1-600x338.jpeg 600w, https:\/\/contraluzcucuta.co\/wp-content\/uploads\/2023\/11\/LLUVIAS-1-1024x577.jpeg 1024w, https:\/\/contraluzcucuta.co\/wp-content\/uploads\/2023\/11\/LLUVIAS-1-768x432.jpeg 768w, https:\/\/contraluzcucuta.co\/wp-content\/uploads\/2023\/11\/LLUVIAS-1-1536x865.jpeg 1536w, https:\/\/contraluzcucuta.co\/wp-content\/uploads\/2023\/11\/LLUVIAS-1.jpeg 1600w\" sizes=\"auto, (max-width: 300px) 100vw, 300px\" \/><\/a><\/p>\n<p>\u201cDesde la Sala de Crisis, activa durante esta temporada de lluvias, seguimos monitoreando y atendiendo las emergencias\u201d, manifest\u00f3 Huber Plaza Villamizar, secretario de Gesti\u00f3n del Riesgo de Desastres.<\/p>\n<p>El Plan de Acci\u00f3n Espec\u00edfico para la atenci\u00f3n de la calamidad p\u00fablica, declarada en el municipio, en cuatro a\u00f1os se ha trabajado en las m\u00e1rgenes de los r\u00edos Zulia (Buena Esperanza) y Pamplonita (vereda La Jabilla), barrios Manuela Beltr\u00e1n, Cormoranes- El Para\u00edso, Jos\u00e9 Bernal, Campo Alegre y Juan Pablo II.<\/p>\n<p>Manejo de aguas lluvias en San Miguel, muro de contenci\u00f3n en 28 de Febrero, rehabilitaci\u00f3n del paso peatonal en La Fortaleza, El Rodeo, Brisas de los Andes, Alfonso L\u00f3pez, Valles de Gir\u00f3n, La Esmeralda.<\/p>\n<p>En las comunas 8 y 3 han disminuido los reportes de da\u00f1os, lo que demuestra que mitigar el riesgo ha sido una apuesta de la administraci\u00f3n municipal.<\/p>\n","protected":false},"excerpt":{"rendered":"<p>C\u00daCUTA.- Las lluvias de los \u00faltimos d\u00edas han causado afectaciones en 11 barrios de la zona urbana. En las comunas 6 y 7, las emergencias son consecuencia de inundaciones y desbordamientos del canal de El Porvenir \u2013 Aeropuerto y la quebrada Seca, que pasa por los barrios Crisp\u00edn Dur\u00e1n (alto y bajo), Guadalupe y Villa &hellip;<\/p>\n","protected":false},"author":1,"featured_media":39549,"comment_status":"open","ping_status":"open","sticky":false,"template":"","format":"standard","meta":{"footnotes":""},"categories":[2625,4],"tags":[226,3096,2422],"class_list":["post-39548","post","type-post","status-publish","format-standard","has-post-thumbnail","hentry","category-alcaldia-de-cucuta","category-barra","tag-alcaldia-de-cucuta","tag-corregimientos-de-cucuta","tag-temporada-de-lluvias"],"_links":{"self":[{"href":"https:\/\/contraluzcucuta.co\/index.php?rest_route=\/wp\/v2\/posts\/39548","targetHints":{"allow":["GET"]}}],"collection":[{"href":"https:\/\/contraluzcucuta.co\/index.php?rest_route=\/wp\/v2\/posts"}],"about":[{"href":"https:\/\/contraluzcucuta.co\/index.php?rest_route=\/wp\/v2\/types\/post"}],"author":[{"embeddable":true,"href":"https:\/\/contraluzcucuta.co\/index.php?rest_route=\/wp\/v2\/users\/1"}],"replies":[{"embeddable":true,"href":"https:\/\/contraluzcucuta.co\/index.php?rest_route=%2Fwp%2Fv2%2Fcomments&post=39548"}],"version-history":[{"count":1,"href":"https:\/\/contraluzcucuta.co\/index.php?rest_route=\/wp\/v2\/posts\/39548\/revisions"}],"predecessor-version":[{"id":39551,"href":"https:\/\/contraluzcucuta.co\/index.php?rest_route=\/wp\/v2\/posts\/39548\/revisions\/39551"}],"wp:featuredmedia":[{"embeddable":true,"href":"https:\/\/contraluzcucuta.co\/index.php?rest_route=\/wp\/v2\/media\/39549"}],"wp:attachment":[{"href":"https:\/\/contraluzcucuta.co\/index.php?rest_route=%2Fwp%2Fv2%2Fmedia&parent=39548"}],"wp:term":[{"taxonomy":"category","embeddable":true,"href":"https:\/\/contraluzcucuta.co\/index.php?rest_route=%2Fwp%2Fv2%2Fcategories&post=39548"},{"taxonomy":"post_tag","embeddable":true,"href":"https:\/\/contraluzcucuta.co\/index.php?rest_route=%2Fwp%2Fv2%2Ftags&post=39548"}],"curies":[{"name":"wp","href":"https:\/\/api.w.org\/{rel}","templated":true}]}}