{"id":39532,"date":"2023-11-02T04:20:28","date_gmt":"2023-11-02T09:20:28","guid":{"rendered":"https:\/\/contraluzcucuta.co\/?p=39532"},"modified":"2023-11-02T04:20:28","modified_gmt":"2023-11-02T09:20:28","slug":"cotelco-encuentro-turistico-y-hotelero-del-oriente-colombiano","status":"publish","type":"post","link":"https:\/\/contraluzcucuta.co\/?p=39532","title":{"rendered":"COTELCO. Encuentro Tur\u00edstico y Hotelero del Oriente Colombiano"},"content":{"rendered":"<p style=\"text-align: right; padding-left: 40px;\"><strong><span style=\"color: #ff9900;\">C\u00daCUTA.- Cuatrocientos empresarios y compradores participar\u00e1n en la primera versi\u00f3n del Encuentro Tur\u00edstico y Hotelero del Oriente Colombiano (ETHOC) que se cumplir\u00e1 en C\u00facuta 8 y 9 de noviembre. El lema del evento es Frontera, geopol\u00edtica e integraci\u00f3n como pilares del desarrollo tur\u00edstico. La organizaci\u00f3n estar\u00e1 a cargo de Cotelco, cap\u00edtulo Norte de Santander.<\/span><\/strong><\/p>\n<p>\u00a0El objetivo es fortalecer las competencias de los actores de la cadena de valor del sector tur\u00edstico en el departamento para que mejores las perspectivas y capacidades ante la reapertura de la frontera, aportando al desarrollo tur\u00edstico binacional.<\/p>\n<p>A los 30 proveedores de la industria que se congregar\u00e1n en la capital nortesantandereana se suman los conferenciantes que hablar\u00e1n sobre la transformaci\u00f3n de las ciudades de frontera, la arquitectura d ellos hoteles, los modelos de negocios de base comunitaria, el m\u00e1rquetin digital, la industria de las reuniones y la comercializaci\u00f3n de productos tur\u00edsticos en mercados internacionales.<\/p>\n","protected":false},"excerpt":{"rendered":"<p>C\u00daCUTA.- Cuatrocientos empresarios y compradores participar\u00e1n en la primera versi\u00f3n del Encuentro Tur\u00edstico y Hotelero del Oriente Colombiano (ETHOC) que se cumplir\u00e1 en C\u00facuta 8 y 9 de noviembre. El lema del evento es Frontera, geopol\u00edtica e integraci\u00f3n como pilares del desarrollo tur\u00edstico. La organizaci\u00f3n estar\u00e1 a cargo de Cotelco, cap\u00edtulo Norte de Santander. \u00a0El &hellip;<\/p>\n","protected":false},"author":1,"featured_media":39533,"comment_status":"open","ping_status":"open","sticky":false,"template":"","format":"standard","meta":{"footnotes":""},"categories":[4,6],"tags":[4037,5797],"class_list":["post-39532","post","type-post","status-publish","format-standard","has-post-thumbnail","hentry","category-barra","category-ojo-avizor","tag-cotelco","tag-ethoc"],"_links":{"self":[{"href":"https:\/\/contraluzcucuta.co\/index.php?rest_route=\/wp\/v2\/posts\/39532","targetHints":{"allow":["GET"]}}],"collection":[{"href":"https:\/\/contraluzcucuta.co\/index.php?rest_route=\/wp\/v2\/posts"}],"about":[{"href":"https:\/\/contraluzcucuta.co\/index.php?rest_route=\/wp\/v2\/types\/post"}],"author":[{"embeddable":true,"href":"https:\/\/contraluzcucuta.co\/index.php?rest_route=\/wp\/v2\/users\/1"}],"replies":[{"embeddable":true,"href":"https:\/\/contraluzcucuta.co\/index.php?rest_route=%2Fwp%2Fv2%2Fcomments&post=39532"}],"version-history":[{"count":1,"href":"https:\/\/contraluzcucuta.co\/index.php?rest_route=\/wp\/v2\/posts\/39532\/revisions"}],"predecessor-version":[{"id":39534,"href":"https:\/\/contraluzcucuta.co\/index.php?rest_route=\/wp\/v2\/posts\/39532\/revisions\/39534"}],"wp:featuredmedia":[{"embeddable":true,"href":"https:\/\/contraluzcucuta.co\/index.php?rest_route=\/wp\/v2\/media\/39533"}],"wp:attachment":[{"href":"https:\/\/contraluzcucuta.co\/index.php?rest_route=%2Fwp%2Fv2%2Fmedia&parent=39532"}],"wp:term":[{"taxonomy":"category","embeddable":true,"href":"https:\/\/contraluzcucuta.co\/index.php?rest_route=%2Fwp%2Fv2%2Fcategories&post=39532"},{"taxonomy":"post_tag","embeddable":true,"href":"https:\/\/contraluzcucuta.co\/index.php?rest_route=%2Fwp%2Fv2%2Ftags&post=39532"}],"curies":[{"name":"wp","href":"https:\/\/api.w.org\/{rel}","templated":true}]}}