{"id":39520,"date":"2023-10-31T20:24:00","date_gmt":"2023-11-01T01:24:00","guid":{"rendered":"https:\/\/contraluzcucuta.co\/?p=39520"},"modified":"2023-10-31T20:24:00","modified_gmt":"2023-11-01T01:24:00","slug":"asamblea-de-norte-de-santander-307-por-ciento-de-las-butacas-sera-liberal","status":"publish","type":"post","link":"https:\/\/contraluzcucuta.co\/?p=39520","title":{"rendered":"ASAMBLEA DE NORTE DE SANTANDER. 30,7 por ciento de las butacas ser\u00e1 liberal"},"content":{"rendered":"<p style=\"padding-left: 40px; text-align: right;\"><strong><span style=\"color: #ff9900;\">C\u00daCUTA.- La mayor\u00eda en la Asamblea de Norte de Santander se vestir\u00e1 de rojo. Cuatro diputados, que representan el 30,7 por ciento de las butacas, pertenecen al Partido Liberal. Las otras nueve curules est\u00e1n repartidas en cinco partidos y el ganador por ser segundo en la contienda por la Gobernaci\u00f3n.<\/span><\/strong><\/p>\n<p>Cuatro mujeres (30,7 %), que sumaron 115.391 votos, luchar\u00e1n brazo a brazo con sus compa\u00f1eros para sacar adelante las iniciativas que les presenten desde la administraci\u00f3n departamental y las propias. Los 13, en conjunto, trabajar\u00e1n para mejorar las condiciones socio-econ\u00f3micas de los habitantes de los 40 municipios de Norte de Santander, incluida la capital.<\/p>\n<p>El gobernador electo William Villamizar, viejo conocedor del tejemaneje pol\u00edtico regional, tiene a su favor los diputados de los partidos que se unieron para hacer posible la candidatura y el posterior triunfo en las urnas. Seguro, no tendr\u00e1 problemas en el momento de bajar proyectos de ordenanza para el an\u00e1lisis y aprobaci\u00f3n.<\/p>\n<p>Los nortesantandereanos eligieron los siguientes diputados:<\/p>\n<p>Partido Liberal<\/p>\n<ul>\n<li>Ruby Chac\u00f3n: 27.257 votos<\/li>\n<li>Ariel Rodr\u00edguez: 24.344<\/li>\n<li>Eugenio Rangel: 15.190<\/li>\n<li>Rafael C\u00e1ceres: 14.957<\/li>\n<\/ul>\n<p>Cambio Radical<\/p>\n<ul>\n<li>Isabel Torrado: 31.059<\/li>\n<li>Pedro Leyva: 21.391<\/li>\n<\/ul>\n<p>Conservador<\/p>\n<ul>\n<li>Milena Calder\u00f3n: 28.952<\/li>\n<li>Jos\u00e9 Gregorio Correa: 24.359<\/li>\n<\/ul>\n<p>Partido de la U<\/p>\n<ul>\n<li>Laury S\u00e1nchez: 28.123<\/li>\n<li>Diego Acevedo: 16.379<\/li>\n<\/ul>\n<p>Alianza Verde<\/p>\n<ul>\n<li>Edgar Pallares: 21.010<\/li>\n<\/ul>\n<p>Centro Democr\u00e1tico<\/p>\n<ul>\n<li>Juan Diego Ord\u00f3\u00f1ez: 25.863<\/li>\n<\/ul>\n<p>Oposici\u00f3n<\/p>\n<ul>\n<li>Diego Gonz\u00e1lez: 146.385<\/li>\n<\/ul>\n","protected":false},"excerpt":{"rendered":"<p>C\u00daCUTA.- La mayor\u00eda en la Asamblea de Norte de Santander se vestir\u00e1 de rojo. Cuatro diputados, que representan el 30,7 por ciento de las butacas, pertenecen al Partido Liberal. Las otras nueve curules est\u00e1n repartidas en cinco partidos y el ganador por ser segundo en la contienda por la Gobernaci\u00f3n. Cuatro mujeres (30,7 %), que &hellip;<\/p>\n","protected":false},"author":1,"featured_media":39521,"comment_status":"open","ping_status":"open","sticky":false,"template":"","format":"standard","meta":{"footnotes":""},"categories":[4,9],"tags":[688,3811],"class_list":["post-39520","post","type-post","status-publish","format-standard","has-post-thumbnail","hentry","category-barra","category-politica","tag-asamblea-de-norte-de-santander","tag-diputados-de-norte-de-santander"],"_links":{"self":[{"href":"https:\/\/contraluzcucuta.co\/index.php?rest_route=\/wp\/v2\/posts\/39520","targetHints":{"allow":["GET"]}}],"collection":[{"href":"https:\/\/contraluzcucuta.co\/index.php?rest_route=\/wp\/v2\/posts"}],"about":[{"href":"https:\/\/contraluzcucuta.co\/index.php?rest_route=\/wp\/v2\/types\/post"}],"author":[{"embeddable":true,"href":"https:\/\/contraluzcucuta.co\/index.php?rest_route=\/wp\/v2\/users\/1"}],"replies":[{"embeddable":true,"href":"https:\/\/contraluzcucuta.co\/index.php?rest_route=%2Fwp%2Fv2%2Fcomments&post=39520"}],"version-history":[{"count":1,"href":"https:\/\/contraluzcucuta.co\/index.php?rest_route=\/wp\/v2\/posts\/39520\/revisions"}],"predecessor-version":[{"id":39522,"href":"https:\/\/contraluzcucuta.co\/index.php?rest_route=\/wp\/v2\/posts\/39520\/revisions\/39522"}],"wp:featuredmedia":[{"embeddable":true,"href":"https:\/\/contraluzcucuta.co\/index.php?rest_route=\/wp\/v2\/media\/39521"}],"wp:attachment":[{"href":"https:\/\/contraluzcucuta.co\/index.php?rest_route=%2Fwp%2Fv2%2Fmedia&parent=39520"}],"wp:term":[{"taxonomy":"category","embeddable":true,"href":"https:\/\/contraluzcucuta.co\/index.php?rest_route=%2Fwp%2Fv2%2Fcategories&post=39520"},{"taxonomy":"post_tag","embeddable":true,"href":"https:\/\/contraluzcucuta.co\/index.php?rest_route=%2Fwp%2Fv2%2Ftags&post=39520"}],"curies":[{"name":"wp","href":"https:\/\/api.w.org\/{rel}","templated":true}]}}