{"id":39517,"date":"2023-10-31T20:19:25","date_gmt":"2023-11-01T01:19:25","guid":{"rendered":"https:\/\/contraluzcucuta.co\/?p=39517"},"modified":"2023-10-31T20:19:25","modified_gmt":"2023-11-01T01:19:25","slug":"concejo-de-cucuta-16-hombres-y-3-mujeres-para-el-periodo-2024-2027","status":"publish","type":"post","link":"https:\/\/contraluzcucuta.co\/?p=39517","title":{"rendered":"CONCEJO DE C\u00daCUTA. 16 hombres y 3 mujeres, para el periodo 2024 \u2013 2027"},"content":{"rendered":"<p style=\"padding-left: 40px; text-align: right;\"><strong><span style=\"color: #ff9900;\">C\u00daCUTA.- En el Concejo de C\u00facuta, de 19 integrantes, se ver\u00e1n las caras entre 2024 y 2027, si no ocurre nada anormal o imprevisto, 16 hombres y tres mujeres, representantes de 10 partidos y movimientos pol\u00edticos. Estos dirigentes recibieron el favor en las urnas y ahora tendr\u00e1n la misi\u00f3n de trabajar por C\u00facuta.<\/span><\/strong><\/p>\n<p>El alcalde electo Jorge Acevedo (si se ratifica su elecci\u00f3n) solo tendr\u00e1 un aliado directo en la corporaci\u00f3n municipal. Para obtener respaldo a sus iniciativas tendr\u00e1 que sacar a relucir los dotes de negociador y poner en una misma canasta a los 18 restantes, incluido el segundo en votaci\u00f3n.<\/p>\n<p>Tres conservadores, tres liberales en uni\u00f3n con Mira, tres de la coalici\u00f3n la U, Justa Libre y AICO, dos del Centro Democr\u00e1tico, dos de Alianza Verde, dos de Cambio Radical, uno de Todos por C\u00facuta, uno por el Plan, uno por Alianza Democr\u00e1tica Amplia y uno por C\u00facuta Avanza ser\u00e1n los voceros de los cucute\u00f1os en el Concejo.<\/p>\n<p>Los ciudadanos pusieron en estos nombres la confianza y los ungieron como sus portavoces para que alcen la voz delante de la administraci\u00f3n municipal y propendan por la soluci\u00f3n a las necesidades que nacen silvestres en los barrios, especialmente los reconocidos como marginales.<\/p>\n<p>El listado de concejales es el siguiente:<\/p>\n<p>Partido Conservador<\/p>\n<ul>\n<li>Carlos Chac\u00f3n: 10.639 votos<\/li>\n<li>Jefferson Castellanos: 5717<\/li>\n<li>Nidia Gimena Camacho: 5269<\/li>\n<\/ul>\n<p>Liberal y Mira<\/p>\n<ul>\n<li>Alonso Torres: 6464<\/li>\n<li>Jhon Jairo Villamizar: 4874<\/li>\n<li>Yanet Carime Rodr\u00edguez: 4641<\/li>\n<\/ul>\n<p>Coalici\u00f3n la U, Justa Libre y AICO<\/p>\n<ul>\n<li>Julian Rol\u00f3n: 7955<\/li>\n<li>Vanessa Arenas: 7644<\/li>\n<li>Guillermo Le\u00f3n: 6540<\/li>\n<\/ul>\n<p>Centro Democr\u00e1tico<\/p>\n<ul>\n<li>\u00c1lvaro Raad: 8934<\/li>\n<li>Carlos Due\u00f1as: 3673<\/li>\n<\/ul>\n<p>Alianza Verde<\/p>\n<ul>\n<li>Jair D\u00edaz: 8502<\/li>\n<li>V\u00edctor Caicedo: 6389<\/li>\n<\/ul>\n<p>Cambio Radical<\/p>\n<ul>\n<li>Albert Casadiego: 8603<\/li>\n<li>Oliverio castellanos: 8060<\/li>\n<\/ul>\n<p>El Plan<\/p>\n<ul>\n<li>Jes\u00fas Sep\u00falveda: 4837<\/li>\n<\/ul>\n<p>Alianza Democr\u00e1tica Amplia<\/p>\n<ul>\n<li>Sergio Matamoros: 3421<\/li>\n<\/ul>\n<p>C\u00facuta Avanza<\/p>\n<ul>\n<li>Leonardo J\u00e1come: 87.445<\/li>\n<\/ul>\n","protected":false},"excerpt":{"rendered":"<p>C\u00daCUTA.- En el Concejo de C\u00facuta, de 19 integrantes, se ver\u00e1n las caras entre 2024 y 2027, si no ocurre nada anormal o imprevisto, 16 hombres y tres mujeres, representantes de 10 partidos y movimientos pol\u00edticos. Estos dirigentes recibieron el favor en las urnas y ahora tendr\u00e1n la misi\u00f3n de trabajar por C\u00facuta. El alcalde &hellip;<\/p>\n","protected":false},"author":1,"featured_media":39518,"comment_status":"open","ping_status":"open","sticky":false,"template":"","format":"standard","meta":{"footnotes":""},"categories":[4,9],"tags":[197,3569],"class_list":["post-39517","post","type-post","status-publish","format-standard","has-post-thumbnail","hentry","category-barra","category-politica","tag-concejo-de-cucuta","tag-politica-cucutena"],"_links":{"self":[{"href":"https:\/\/contraluzcucuta.co\/index.php?rest_route=\/wp\/v2\/posts\/39517","targetHints":{"allow":["GET"]}}],"collection":[{"href":"https:\/\/contraluzcucuta.co\/index.php?rest_route=\/wp\/v2\/posts"}],"about":[{"href":"https:\/\/contraluzcucuta.co\/index.php?rest_route=\/wp\/v2\/types\/post"}],"author":[{"embeddable":true,"href":"https:\/\/contraluzcucuta.co\/index.php?rest_route=\/wp\/v2\/users\/1"}],"replies":[{"embeddable":true,"href":"https:\/\/contraluzcucuta.co\/index.php?rest_route=%2Fwp%2Fv2%2Fcomments&post=39517"}],"version-history":[{"count":1,"href":"https:\/\/contraluzcucuta.co\/index.php?rest_route=\/wp\/v2\/posts\/39517\/revisions"}],"predecessor-version":[{"id":39519,"href":"https:\/\/contraluzcucuta.co\/index.php?rest_route=\/wp\/v2\/posts\/39517\/revisions\/39519"}],"wp:featuredmedia":[{"embeddable":true,"href":"https:\/\/contraluzcucuta.co\/index.php?rest_route=\/wp\/v2\/media\/39518"}],"wp:attachment":[{"href":"https:\/\/contraluzcucuta.co\/index.php?rest_route=%2Fwp%2Fv2%2Fmedia&parent=39517"}],"wp:term":[{"taxonomy":"category","embeddable":true,"href":"https:\/\/contraluzcucuta.co\/index.php?rest_route=%2Fwp%2Fv2%2Fcategories&post=39517"},{"taxonomy":"post_tag","embeddable":true,"href":"https:\/\/contraluzcucuta.co\/index.php?rest_route=%2Fwp%2Fv2%2Ftags&post=39517"}],"curies":[{"name":"wp","href":"https:\/\/api.w.org\/{rel}","templated":true}]}}