{"id":39506,"date":"2023-10-31T04:55:08","date_gmt":"2023-10-31T09:55:08","guid":{"rendered":"https:\/\/contraluzcucuta.co\/?p=39506"},"modified":"2023-10-31T04:55:08","modified_gmt":"2023-10-31T09:55:08","slug":"futbol-de-segunda-cucuta-deportivo-paso-del-susto-al-extasis","status":"publish","type":"post","link":"https:\/\/contraluzcucuta.co\/?p=39506","title":{"rendered":"F\u00daTBOL DE SEGUNDA. C\u00facuta Deportivo pas\u00f3 del susto al \u00e9xtasis"},"content":{"rendered":"<p style=\"padding-left: 40px; text-align: right;\"><strong><span style=\"color: #ff9900;\">C\u00daCUTA.- Un aire fr\u00edo corri\u00f3 por el cuerpo de los aficionados cucute\u00f1os. M\u00e1s por el de los que asisten a Sur, porque delante de ellos ocurri\u00f3 la falta que el central no dud\u00f3 en sancionar como penalti. Comenzaron los rezos y las promesas para que Mastrol\u00eda, el arquero antipenal del C\u00facuta Deportivo, tapara el disparo de Stiwart Acu\u00f1a, del Barranquilla.<\/span><\/strong><\/p>\n<p>Arriba, m\u00e1s all\u00e1 de las nubes, escucharon las rogativas de los millares de aficionados que asisten al General Santander sin importarles que es lunes y en la tarde. El barranquillero tom\u00f3 impulso, corri\u00f3 hacia el bal\u00f3n y lo impact\u00f3 con tal fuerza que lo envi\u00f3 por encima del travesa\u00f1o. Pas\u00f3 el susto.<\/p>\n<p>Cuarta fecha del cuadrangular B del Torneo del f\u00fatbol profesional colombiano. Despu\u00e9s del yerro de la pena m\u00e1xima la reacci\u00f3n motilona no se hizo esperar. Hubo algunas oportunidades desaprovechadas hasta cuando Juanito Moreno aceler\u00f3 por la izquierda, centr\u00f3 y encontr\u00f3 a Lucas R\u00edos bien parado para que anotara el \u00fanico tanto del partido. Minuto 85. 1 \u2013 0.<\/p>\n<p><a href=\"https:\/\/contraluzcucuta.co\/wp-content\/uploads\/2023\/10\/CUCUTA-BARRANQUILLA-2.jpeg\"><img loading=\"lazy\" decoding=\"async\" class=\"alignnone size-medium wp-image-39508 alignleft\" src=\"https:\/\/contraluzcucuta.co\/wp-content\/uploads\/2023\/10\/CUCUTA-BARRANQUILLA-2-300x200.jpeg\" alt=\"\" width=\"300\" height=\"200\" srcset=\"https:\/\/contraluzcucuta.co\/wp-content\/uploads\/2023\/10\/CUCUTA-BARRANQUILLA-2-300x200.jpeg 300w, https:\/\/contraluzcucuta.co\/wp-content\/uploads\/2023\/10\/CUCUTA-BARRANQUILLA-2-600x400.jpeg 600w, https:\/\/contraluzcucuta.co\/wp-content\/uploads\/2023\/10\/CUCUTA-BARRANQUILLA-2-1024x683.jpeg 1024w, https:\/\/contraluzcucuta.co\/wp-content\/uploads\/2023\/10\/CUCUTA-BARRANQUILLA-2-768x512.jpeg 768w, https:\/\/contraluzcucuta.co\/wp-content\/uploads\/2023\/10\/CUCUTA-BARRANQUILLA-2-1536x1024.jpeg 1536w, https:\/\/contraluzcucuta.co\/wp-content\/uploads\/2023\/10\/CUCUTA-BARRANQUILLA-2.jpeg 1599w\" sizes=\"auto, (max-width: 300px) 100vw, 300px\" \/><\/a><\/p>\n<p>Y de ah\u00ed para abajo se arm\u00f3 la grande. Jugadores, titulares y suplentes, auxiliares y miembros de la n\u00f3mina de los dos equipos se tranzaron a patadas, codazos, pu\u00f1etazos, empujones y estrujones. Solo falt\u00f3 que se hubieran dado con el recipiente del agua. Los agentes, que hab\u00edan recibido la visita de la jefa, no fueron suficientes para calmar los \u00e1nimos de inmediato.<\/p>\n<p>En las tribunas, especialmente en Occidental, se caldearon los \u00e1nimos de los hinchas que insultaron, madrearon y mandaron al infierno a los visitantes. Hombres y mujeres gritaron hasta m\u00e1s no poder para hacer sentir que lo dicho por el juez Wilmar Rold\u00e1n es verdadero.<\/p>\n<p>Consecuencia de la trifulca: expulsados Jhan Pool Torres y Humberto Garc\u00eda, de Barranquilla, y Jefry Zapata, del C\u00facuta. Diez minutos m\u00e1s se jugaron para reponer los perdidos entre golpes y carreras, perseguidas y huidas. Al escucharse el pitido final, los aficionados celebraron y corearon consignas contra los visitantes.<\/p>\n<p>El cuadro motil\u00f3n sum\u00f3 tres puntos, en un partido que vio perdido, lo mantuvo empatado y al final lo gan\u00f3. Ahora, tiene 10 puntos en la tabla, luego de cuatro encuentros. El siguiente compromiso en esta fase de cuadrangulares ser\u00e1 contra Atl\u00e9tico, tambi\u00e9n en el General.<\/p>\n<p><strong>RAFAEL ANTONIO PAB\u00d3N<\/strong><\/p>\n<p><strong><a href=\"mailto:rafaelpabon58@hotmail.com\">rafaelpabon58@hotmail.com<\/a><\/strong><\/p>\n","protected":false},"excerpt":{"rendered":"<p>C\u00daCUTA.- Un aire fr\u00edo corri\u00f3 por el cuerpo de los aficionados cucute\u00f1os. M\u00e1s por el de los que asisten a Sur, porque delante de ellos ocurri\u00f3 la falta que el central no dud\u00f3 en sancionar como penalti. Comenzaron los rezos y las promesas para que Mastrol\u00eda, el arquero antipenal del C\u00facuta Deportivo, tapara el disparo &hellip;<\/p>\n","protected":false},"author":1,"featured_media":39507,"comment_status":"open","ping_status":"open","sticky":false,"template":"","format":"standard","meta":{"footnotes":""},"categories":[4,28],"tags":[5541,1166],"class_list":["post-39506","post","type-post","status-publish","format-standard","has-post-thumbnail","hentry","category-barra","category-vistazo-deportivo","tag-cucuta-deportivo-2023","tag-estadio-general-santander"],"_links":{"self":[{"href":"https:\/\/contraluzcucuta.co\/index.php?rest_route=\/wp\/v2\/posts\/39506","targetHints":{"allow":["GET"]}}],"collection":[{"href":"https:\/\/contraluzcucuta.co\/index.php?rest_route=\/wp\/v2\/posts"}],"about":[{"href":"https:\/\/contraluzcucuta.co\/index.php?rest_route=\/wp\/v2\/types\/post"}],"author":[{"embeddable":true,"href":"https:\/\/contraluzcucuta.co\/index.php?rest_route=\/wp\/v2\/users\/1"}],"replies":[{"embeddable":true,"href":"https:\/\/contraluzcucuta.co\/index.php?rest_route=%2Fwp%2Fv2%2Fcomments&post=39506"}],"version-history":[{"count":1,"href":"https:\/\/contraluzcucuta.co\/index.php?rest_route=\/wp\/v2\/posts\/39506\/revisions"}],"predecessor-version":[{"id":39509,"href":"https:\/\/contraluzcucuta.co\/index.php?rest_route=\/wp\/v2\/posts\/39506\/revisions\/39509"}],"wp:featuredmedia":[{"embeddable":true,"href":"https:\/\/contraluzcucuta.co\/index.php?rest_route=\/wp\/v2\/media\/39507"}],"wp:attachment":[{"href":"https:\/\/contraluzcucuta.co\/index.php?rest_route=%2Fwp%2Fv2%2Fmedia&parent=39506"}],"wp:term":[{"taxonomy":"category","embeddable":true,"href":"https:\/\/contraluzcucuta.co\/index.php?rest_route=%2Fwp%2Fv2%2Fcategories&post=39506"},{"taxonomy":"post_tag","embeddable":true,"href":"https:\/\/contraluzcucuta.co\/index.php?rest_route=%2Fwp%2Fv2%2Ftags&post=39506"}],"curies":[{"name":"wp","href":"https:\/\/api.w.org\/{rel}","templated":true}]}}