{"id":39457,"date":"2023-10-26T20:11:06","date_gmt":"2023-10-27T01:11:06","guid":{"rendered":"https:\/\/contraluzcucuta.co\/?p=39457"},"modified":"2023-10-27T05:02:56","modified_gmt":"2023-10-27T10:02:56","slug":"enfoque-jeimy-castillo-deja-la-secretaria-de-prensa","status":"publish","type":"post","link":"https:\/\/contraluzcucuta.co\/?p=39457","title":{"rendered":"ENFOQUE. Jeimy Castillo deja la secretar\u00eda de Prensa"},"content":{"rendered":"<p style=\"padding-left: 40px; text-align: right;\"><strong><span style=\"color: #ff9900;\">C\u00daCUTA.- A comienzos de semana, aparecieron en redes sociales avisos que mostraban el sello de la Alcald\u00eda de C\u00facuta en respaldo a la candidata Bibiana Villota a la Asamblea de Norte de Santander. \u00bfCulpables? No han levantado la mano para decir presente. \u00bfResponsables? Indirectamente, la secretaria de Prensa, por cuanto deb\u00eda revisar todo material que lleve logotipos oficiales.<\/span><\/strong><\/p>\n<p>El alcalde Jairo Y\u00e1\u00f1ez, al conocer lo ocurrido, llam\u00f3 a cuentas a la titular del despacho Jeimy Paola Castillo, le pidi\u00f3 la renuncia y le acept\u00f3 la dimisi\u00f3n. Sorpresa en los medios por la salida intempestiva de la funcionaria, m\u00e1s cuando faltan escasos dos meses y medio para concluir el mandato municipal.<\/p>\n<p><a href=\"https:\/\/contraluzcucuta.co\/wp-content\/uploads\/2023\/10\/JEFE-DE-PRENSA-5.jpg\"><img loading=\"lazy\" decoding=\"async\" class=\"alignnone size-medium wp-image-39459 alignleft\" src=\"https:\/\/contraluzcucuta.co\/wp-content\/uploads\/2023\/10\/JEFE-DE-PRENSA-5-300x300.jpg\" alt=\"\" width=\"300\" height=\"300\" srcset=\"https:\/\/contraluzcucuta.co\/wp-content\/uploads\/2023\/10\/JEFE-DE-PRENSA-5-300x300.jpg 300w, https:\/\/contraluzcucuta.co\/wp-content\/uploads\/2023\/10\/JEFE-DE-PRENSA-5-100x100.jpg 100w, https:\/\/contraluzcucuta.co\/wp-content\/uploads\/2023\/10\/JEFE-DE-PRENSA-5-600x599.jpg 600w, https:\/\/contraluzcucuta.co\/wp-content\/uploads\/2023\/10\/JEFE-DE-PRENSA-5-150x150.jpg 150w, https:\/\/contraluzcucuta.co\/wp-content\/uploads\/2023\/10\/JEFE-DE-PRENSA-5.jpg 719w\" sizes=\"auto, (max-width: 300px) 100vw, 300px\" \/><\/a><\/p>\n<p>Jeimy Castillo, sin mayores explicaciones acerca de su salida de la administraci\u00f3n cucute\u00f1a, expidi\u00f3 un comunicado en el que dio la noticia que hasta este jueves \u201cme desempe\u00f1\u00e9 como secretaria de Prensa\u201d. Y entra a explicar los hechos por los que tom\u00f3 la decisi\u00f3n para concluir que \u201cno autoric\u00e9, ni consent\u00ed\u201d las historias publicadas de la candidata Villota.<\/p>\n<p>El 25 de octubre, \u201cfui notificada de la publicaci\u00f3n de unas historias en la red social Instagram de la Alcand\u00eda de C\u00facuta por parte de la empresa contratista Palestra Social Media Group S.A.S., encargada de administrar estas redes\u201d. Luego de enterarse de este hecho tom\u00f3 de manera oportuna algunas acciones, entre las que destaca \u201cretirar de inmediato las publicaciones\u201d.<\/p>\n<p>El alcalde Jairo Y\u00e1\u00f1ez, en los cuatro a\u00f1os de administraci\u00f3n, ha estado acompa\u00f1ado por cuatro secretarios de Prensa. Comenz\u00f3 Carlos Alberto D\u00edaz Calder\u00f3n, quien un d\u00eda levant\u00f3 vuelo para regresar a Bogot\u00e1. Lo sigui\u00f3 Juli\u00e1n Garc\u00eda, tambi\u00e9n se march\u00f3 para la capital del pa\u00eds para asumir un cargo de mayor rango. Lleg\u00f3 Lina Paola Leal y tuvo inconvenientes por la vinculaci\u00f3n de su esposo como contratista de la oficina.<\/p>\n<p>Jeimy Paola Castillo es comunicadora social egresada de la Universidad de Pamplona (sede C\u00facuta) con experiencia en el manejo de salas de prensa y de buenas relaciones con los colegas. Deja el cargo para que asuma un quinto titular que se encargar\u00e1 de garantizar el desarrollo y difusi\u00f3n de la informaci\u00f3n del despacho y secretar\u00edas de manera eficaz y eficiente\u201d hasta el 31 de diciembre.<\/p>\n","protected":false},"excerpt":{"rendered":"<p>C\u00daCUTA.- A comienzos de semana, aparecieron en redes sociales avisos que mostraban el sello de la Alcald\u00eda de C\u00facuta en respaldo a la candidata Bibiana Villota a la Asamblea de Norte de Santander. \u00bfCulpables? No han levantado la mano para decir presente. \u00bfResponsables? Indirectamente, la secretaria de Prensa, por cuanto deb\u00eda revisar todo material que &hellip;<\/p>\n","protected":false},"author":1,"featured_media":39461,"comment_status":"open","ping_status":"open","sticky":false,"template":"","format":"standard","meta":{"footnotes":""},"categories":[2625,4],"tags":[226,5788],"class_list":["post-39457","post","type-post","status-publish","format-standard","has-post-thumbnail","hentry","category-alcaldia-de-cucuta","category-barra","tag-alcaldia-de-cucuta","tag-jeimy-castillo"],"_links":{"self":[{"href":"https:\/\/contraluzcucuta.co\/index.php?rest_route=\/wp\/v2\/posts\/39457","targetHints":{"allow":["GET"]}}],"collection":[{"href":"https:\/\/contraluzcucuta.co\/index.php?rest_route=\/wp\/v2\/posts"}],"about":[{"href":"https:\/\/contraluzcucuta.co\/index.php?rest_route=\/wp\/v2\/types\/post"}],"author":[{"embeddable":true,"href":"https:\/\/contraluzcucuta.co\/index.php?rest_route=\/wp\/v2\/users\/1"}],"replies":[{"embeddable":true,"href":"https:\/\/contraluzcucuta.co\/index.php?rest_route=%2Fwp%2Fv2%2Fcomments&post=39457"}],"version-history":[{"count":2,"href":"https:\/\/contraluzcucuta.co\/index.php?rest_route=\/wp\/v2\/posts\/39457\/revisions"}],"predecessor-version":[{"id":39462,"href":"https:\/\/contraluzcucuta.co\/index.php?rest_route=\/wp\/v2\/posts\/39457\/revisions\/39462"}],"wp:featuredmedia":[{"embeddable":true,"href":"https:\/\/contraluzcucuta.co\/index.php?rest_route=\/wp\/v2\/media\/39461"}],"wp:attachment":[{"href":"https:\/\/contraluzcucuta.co\/index.php?rest_route=%2Fwp%2Fv2%2Fmedia&parent=39457"}],"wp:term":[{"taxonomy":"category","embeddable":true,"href":"https:\/\/contraluzcucuta.co\/index.php?rest_route=%2Fwp%2Fv2%2Fcategories&post=39457"},{"taxonomy":"post_tag","embeddable":true,"href":"https:\/\/contraluzcucuta.co\/index.php?rest_route=%2Fwp%2Fv2%2Ftags&post=39457"}],"curies":[{"name":"wp","href":"https:\/\/api.w.org\/{rel}","templated":true}]}}