{"id":39444,"date":"2023-10-25T19:53:58","date_gmt":"2023-10-26T00:53:58","guid":{"rendered":"https:\/\/contraluzcucuta.co\/?p=39444"},"modified":"2023-10-25T19:55:05","modified_gmt":"2023-10-26T00:55:05","slug":"elecciones-regionales-22-horas-permanecera-cerrada-la-frontera","status":"publish","type":"post","link":"https:\/\/contraluzcucuta.co\/?p=39444","title":{"rendered":"ELECCIONES REGIONALES. 22 horas permanecer\u00e1 cerrada la frontera"},"content":{"rendered":"<p style=\"padding-left: 40px; text-align: right;\"><strong><span style=\"color: #ff9900;\">C\u00daCUTA.- Entre las 6:00 de la tarde del 28 de octubre y las 4:00 de la tarde del 29, estar\u00e1n cerrados los puentes internacionales que unen a C\u00facuta, Villa del Rosario y Puerto Santander con Venezuela.<\/span><\/strong><\/p>\n<p>&#8220;La medida debe incluir controles migratorios en los puestos terrestres y fluviales fronterizos. Se except\u00faan de la restricci\u00f3n, los tr\u00e1nsitos que deban realizarse por razones de caso fortuito o fuerza mayor&#8221;, explica el Decreto 1702.<\/p>\n<p>El Gobierno dict\u00f3 las normas de seguridad y conservaci\u00f3n del orden p\u00fablico en el pa\u00eds, para el desarrollo de las elecciones del 29 de octubre. Los colombianos elegir\u00e1n gobernadores, alcaldes, concejales, diputados y ediles.<\/p>\n<figure id=\"attachment_39446\" aria-describedby=\"caption-attachment-39446\" style=\"width: 300px\" class=\"wp-caption alignleft\"><a href=\"https:\/\/contraluzcucuta.co\/wp-content\/uploads\/2023\/10\/PUENTE-SIMON-BOLIVAR-2.jpeg\"><img loading=\"lazy\" decoding=\"async\" class=\"size-medium wp-image-39446\" src=\"https:\/\/contraluzcucuta.co\/wp-content\/uploads\/2023\/10\/PUENTE-SIMON-BOLIVAR-2-300x225.jpeg\" alt=\"\" width=\"300\" height=\"225\" srcset=\"https:\/\/contraluzcucuta.co\/wp-content\/uploads\/2023\/10\/PUENTE-SIMON-BOLIVAR-2-300x225.jpeg 300w, https:\/\/contraluzcucuta.co\/wp-content\/uploads\/2023\/10\/PUENTE-SIMON-BOLIVAR-2-600x450.jpeg 600w, https:\/\/contraluzcucuta.co\/wp-content\/uploads\/2023\/10\/PUENTE-SIMON-BOLIVAR-2-1024x768.jpeg 1024w, https:\/\/contraluzcucuta.co\/wp-content\/uploads\/2023\/10\/PUENTE-SIMON-BOLIVAR-2-768x576.jpeg 768w, https:\/\/contraluzcucuta.co\/wp-content\/uploads\/2023\/10\/PUENTE-SIMON-BOLIVAR-2.jpeg 1080w\" sizes=\"auto, (max-width: 300px) 100vw, 300px\" \/><\/a><figcaption id=\"caption-attachment-39446\" class=\"wp-caption-text\">Foto: Tomada de Facebook<\/figcaption><\/figure>\n<p>El tr\u00e1nsito vehicular y peatonal por los puentes Sim\u00f3n Bol\u00edvar, Francisco de Paula Santander, Atanasio Girardot y Uni\u00f3n se ver\u00e1 interrumpido este fin de semana para permitir la permanencia de nacionales en el pa\u00eds y evitar la intromisi\u00f3n extranjera en los comicios.<\/p>\n<p>El Decreto 1702, tambi\u00e9n, dispuso otras medidas:<\/p>\n<p>1.- Ley seca. Prohibido la venta y el consumo de bebidas embriagantes, entre las 6:00 de la tarde del 28 de octubre hasta las 6:00 de la ma\u00f1ana del 30.<\/p>\n<p>2.- Reuniones pol\u00edticas de car\u00e1cter electoral. Ser\u00e1n a puerta cerrada.<\/p>\n<p>3.- Medios de comunicaci\u00f3n. No podr\u00e1n difundir proyecciones ni resultados de encuestas.<\/p>\n<p>4.- Porte de armas con salvoconducto. Prohibido el porte entre las 6:00 de la ma\u00f1ana del 28 de octubre hasta las 6:00 de la ma\u00f1ana del 30.<\/p>\n<p>5.- Ayudas de memoria. M\u00e1ximo 10 cent\u00edmetros y el elector podr\u00e1 sacarla al momento de votar.<\/p>\n","protected":false},"excerpt":{"rendered":"<p>C\u00daCUTA.- Entre las 6:00 de la tarde del 28 de octubre y las 4:00 de la tarde del 29, estar\u00e1n cerrados los puentes internacionales que unen a C\u00facuta, Villa del Rosario y Puerto Santander con Venezuela. &#8220;La medida debe incluir controles migratorios en los puestos terrestres y fluviales fronterizos. Se except\u00faan de la restricci\u00f3n, los &hellip;<\/p>\n","protected":false},"author":1,"featured_media":39445,"comment_status":"open","ping_status":"open","sticky":false,"template":"","format":"standard","meta":{"footnotes":""},"categories":[45,4],"tags":[5787,5540,4689],"class_list":["post-39444","post","type-post","status-publish","format-standard","has-post-thumbnail","hentry","category-destacado","category-barra","tag-decreto-1702","tag-elecciones-2023","tag-elecciones-regionales"],"_links":{"self":[{"href":"https:\/\/contraluzcucuta.co\/index.php?rest_route=\/wp\/v2\/posts\/39444","targetHints":{"allow":["GET"]}}],"collection":[{"href":"https:\/\/contraluzcucuta.co\/index.php?rest_route=\/wp\/v2\/posts"}],"about":[{"href":"https:\/\/contraluzcucuta.co\/index.php?rest_route=\/wp\/v2\/types\/post"}],"author":[{"embeddable":true,"href":"https:\/\/contraluzcucuta.co\/index.php?rest_route=\/wp\/v2\/users\/1"}],"replies":[{"embeddable":true,"href":"https:\/\/contraluzcucuta.co\/index.php?rest_route=%2Fwp%2Fv2%2Fcomments&post=39444"}],"version-history":[{"count":1,"href":"https:\/\/contraluzcucuta.co\/index.php?rest_route=\/wp\/v2\/posts\/39444\/revisions"}],"predecessor-version":[{"id":39447,"href":"https:\/\/contraluzcucuta.co\/index.php?rest_route=\/wp\/v2\/posts\/39444\/revisions\/39447"}],"wp:featuredmedia":[{"embeddable":true,"href":"https:\/\/contraluzcucuta.co\/index.php?rest_route=\/wp\/v2\/media\/39445"}],"wp:attachment":[{"href":"https:\/\/contraluzcucuta.co\/index.php?rest_route=%2Fwp%2Fv2%2Fmedia&parent=39444"}],"wp:term":[{"taxonomy":"category","embeddable":true,"href":"https:\/\/contraluzcucuta.co\/index.php?rest_route=%2Fwp%2Fv2%2Fcategories&post=39444"},{"taxonomy":"post_tag","embeddable":true,"href":"https:\/\/contraluzcucuta.co\/index.php?rest_route=%2Fwp%2Fv2%2Ftags&post=39444"}],"curies":[{"name":"wp","href":"https:\/\/api.w.org\/{rel}","templated":true}]}}