{"id":39438,"date":"2023-10-25T19:39:52","date_gmt":"2023-10-26T00:39:52","guid":{"rendered":"https:\/\/contraluzcucuta.co\/?p=39438"},"modified":"2023-10-25T19:40:58","modified_gmt":"2023-10-26T00:40:58","slug":"testimonio-mi-vida-esta-detras-del-futbol-fernando-ortega","status":"publish","type":"post","link":"https:\/\/contraluzcucuta.co\/?p=39438","title":{"rendered":"TESTIMONIO. Mi vida est\u00e1 detr\u00e1s del f\u00fatbol: Fernando Ortega"},"content":{"rendered":"<p style=\"padding-left: 40px; text-align: right;\"><strong><span style=\"color: #ff9900;\">C\u00daCUTA.- Fernando Ortega ten\u00eda un sue\u00f1o, quer\u00eda ser futbolista profesional y se ve\u00eda en grandes equipos sudamericanos y europeos. Una enfermedad lo despert\u00f3 de manera abrupta y hoy, para compensar ese deseo, hace malabares en las calles de C\u00facuta. Cualquier moneda que recoja es el premio a la demostraci\u00f3n de sus habilidades con el bal\u00f3n.<\/span><\/strong><\/p>\n<p>Naci\u00f3 en Pachely, jurisdicci\u00f3n de Tib\u00fa. Tiene 20 a\u00f1os, monta videos en redes sociales, porque a eso se dedicar\u00e1 cuando se canse de ser admirado por transe\u00fantes y conductores en esta o aquella esquina. Mientras se divierte para deleite de los amigos del balompi\u00e9, sigue con el pensamiento fijo en ese deporte que le fue esquivo.<\/p>\n<ul>\n<li><em>Mi vida est\u00e1 detr\u00e1s del f\u00fatbol. No se dio, pero igual, con la vida tengo que seguir y superarme, esa es la idea que tengo como persona.<\/em><\/li>\n<\/ul>\n<p><a href=\"https:\/\/contraluzcucuta.co\/wp-content\/uploads\/2023\/10\/FERNANDO-ORTEGA-5.jpeg\"><img loading=\"lazy\" decoding=\"async\" class=\"alignnone size-medium wp-image-39440 alignleft\" src=\"https:\/\/contraluzcucuta.co\/wp-content\/uploads\/2023\/10\/FERNANDO-ORTEGA-5-225x300.jpeg\" alt=\"\" width=\"225\" height=\"300\" srcset=\"https:\/\/contraluzcucuta.co\/wp-content\/uploads\/2023\/10\/FERNANDO-ORTEGA-5-225x300.jpeg 225w, https:\/\/contraluzcucuta.co\/wp-content\/uploads\/2023\/10\/FERNANDO-ORTEGA-5-600x800.jpeg 600w, https:\/\/contraluzcucuta.co\/wp-content\/uploads\/2023\/10\/FERNANDO-ORTEGA-5-768x1024.jpeg 768w, https:\/\/contraluzcucuta.co\/wp-content\/uploads\/2023\/10\/FERNANDO-ORTEGA-5-1152x1536.jpeg 1152w, https:\/\/contraluzcucuta.co\/wp-content\/uploads\/2023\/10\/FERNANDO-ORTEGA-5.jpeg 1200w\" sizes=\"auto, (max-width: 225px) 100vw, 225px\" \/><\/a><\/p>\n<p>Viste la camiseta del C\u00facuta Deportivo. Toma el bal\u00f3n, hace un par de toques con el pie derecho; sube la pelota a la cabeza, cuatro, cinco series; la baja al pecho, vuelve a ponerla en el pie y la impulsa para recibirla en la nuca. Aplausos por algunos y monedas por otros. Naci\u00f3 con esa habilidad y con el pasar de los a\u00f1os la ha perfeccionado.<\/p>\n<p>El f\u00fatbol no le dio la oportunidad que hubiera querido tener. No comenz\u00f3 en la ni\u00f1ez, sino a\u00f1os m\u00e1s tarde. La raz\u00f3n, viv\u00eda en el campo, donde es dif\u00edcil descollar. Cuando quiso dedicarse de lleno al deporte, una enfermedad lo envi\u00f3 a la banca y debe recuperarse del da\u00f1o sicol\u00f3gico que le caus\u00f3.<\/p>\n<p>En la cancha ocupaba la posici\u00f3n de volante 10 o extremo por derecha. En los cruces de la ciudad tiene segundos para jugar, mientras el sem\u00e1foro est\u00e1 en rojo. La disciplina y el trabajo duro le han permitido evolucionar. Valores que complementa con la perseverancia.<\/p>\n<ul>\n<li><em>Uno puede empezar sabiendo nada, nada. Todo es disciplina, trabajar, esforzarse, dedicarse.<\/em><\/li>\n<\/ul>\n<p>Encontr\u00f3 en el camino a un referente y lo sigui\u00f3 para aprenderle lo bueno. Despu\u00e9s, dedic\u00f3 el tiempo a practicar y a no despegarse de la esf\u00e9rica. Los sue\u00f1os lo llevaron a verse en el General Santander, con la camiseta rojinegra, como la que luce, y con el 10 a la espalda, como lo lleva. Tambi\u00e9n vol\u00f3 en los pensamientos y aterriz\u00f3 en La Bombonera, con Boca.<\/p>\n<p><a href=\"https:\/\/contraluzcucuta.co\/wp-content\/uploads\/2023\/10\/FERNANDO-ORTEGA-4.jpeg\"><img loading=\"lazy\" decoding=\"async\" class=\"alignnone size-medium wp-image-39441 alignleft\" src=\"https:\/\/contraluzcucuta.co\/wp-content\/uploads\/2023\/10\/FERNANDO-ORTEGA-4-225x300.jpeg\" alt=\"\" width=\"225\" height=\"300\" srcset=\"https:\/\/contraluzcucuta.co\/wp-content\/uploads\/2023\/10\/FERNANDO-ORTEGA-4-225x300.jpeg 225w, https:\/\/contraluzcucuta.co\/wp-content\/uploads\/2023\/10\/FERNANDO-ORTEGA-4-600x800.jpeg 600w, https:\/\/contraluzcucuta.co\/wp-content\/uploads\/2023\/10\/FERNANDO-ORTEGA-4-768x1024.jpeg 768w, https:\/\/contraluzcucuta.co\/wp-content\/uploads\/2023\/10\/FERNANDO-ORTEGA-4-1152x1536.jpeg 1152w, https:\/\/contraluzcucuta.co\/wp-content\/uploads\/2023\/10\/FERNANDO-ORTEGA-4.jpeg 1200w\" sizes=\"auto, (max-width: 225px) 100vw, 225px\" \/><\/a><\/p>\n<p>De repente, da una zancada mental y regresa a Pachelly. En la cancha del corregimiento tibuyano se encuentra con el entrenador Peter G\u00f3mez. Ah\u00ed, aprendi\u00f3 lo b\u00e1sico, lo elemental de esta disciplina. Recapacita y se da cuenta de que no es lo mismo entrenarse en el pueblo natal que hacer parte de una escuela en la ciudad, por calidad y competencia.<\/p>\n<p>Habla de experiencias, de aprendizajes y de objetivos. Reconoce que entre los cucute\u00f1os hay gente que apoya, que ayuda, que valora los esfuerzos. Agradece a Dios, porque le ha ido bien con el bal\u00f3n, no como hubiera querido, en un equipo, sino en el pavimento.<\/p>\n<p>&#8211;\u00a0\u00a0\u00a0\u00a0\u00a0\u00a0\u00a0\u00a0\u00a0 <em>La calle para m\u00ed ha sido la mejor universidad. La oportunidad que no tuve en un club profesional o en una universidad, la tuve en la calle. Esa ense\u00f1a a punta de golpes.<\/em><\/p>\n<p>Los proyectos de vida que tiene pensados le permiten verse, dentro de un a\u00f1o, en una situaci\u00f3n distinta. Dejar\u00e1 la calle para pasar a las redes sociales. Montar\u00e1 videos en YouTube, Facebook, Tik Tok y las dem\u00e1s. Ah\u00ed lo encontrar\u00e1n como FernandoOrtega 10.<\/p>\n<p>RAFAEL ANTONIO PAB\u00d3N<\/p>\n<p><a href=\"mailto:RAFAELPABON58@HOTMAIL.COM\">rafaelpabon58@hotmail.com<\/a><\/p>\n","protected":false},"excerpt":{"rendered":"<p>C\u00daCUTA.- Fernando Ortega ten\u00eda un sue\u00f1o, quer\u00eda ser futbolista profesional y se ve\u00eda en grandes equipos sudamericanos y europeos. Una enfermedad lo despert\u00f3 de manera abrupta y hoy, para compensar ese deseo, hace malabares en las calles de C\u00facuta. Cualquier moneda que recoja es el premio a la demostraci\u00f3n de sus habilidades con el bal\u00f3n. &hellip;<\/p>\n","protected":false},"author":1,"featured_media":39443,"comment_status":"open","ping_status":"open","sticky":false,"template":"","format":"standard","meta":{"footnotes":""},"categories":[4,28],"tags":[5786,3300,279],"class_list":["post-39438","post","type-post","status-publish","format-standard","has-post-thumbnail","hentry","category-barra","category-vistazo-deportivo","tag-fernandoortega10","tag-pachelly","tag-tibu"],"_links":{"self":[{"href":"https:\/\/contraluzcucuta.co\/index.php?rest_route=\/wp\/v2\/posts\/39438","targetHints":{"allow":["GET"]}}],"collection":[{"href":"https:\/\/contraluzcucuta.co\/index.php?rest_route=\/wp\/v2\/posts"}],"about":[{"href":"https:\/\/contraluzcucuta.co\/index.php?rest_route=\/wp\/v2\/types\/post"}],"author":[{"embeddable":true,"href":"https:\/\/contraluzcucuta.co\/index.php?rest_route=\/wp\/v2\/users\/1"}],"replies":[{"embeddable":true,"href":"https:\/\/contraluzcucuta.co\/index.php?rest_route=%2Fwp%2Fv2%2Fcomments&post=39438"}],"version-history":[{"count":1,"href":"https:\/\/contraluzcucuta.co\/index.php?rest_route=\/wp\/v2\/posts\/39438\/revisions"}],"predecessor-version":[{"id":39442,"href":"https:\/\/contraluzcucuta.co\/index.php?rest_route=\/wp\/v2\/posts\/39438\/revisions\/39442"}],"wp:featuredmedia":[{"embeddable":true,"href":"https:\/\/contraluzcucuta.co\/index.php?rest_route=\/wp\/v2\/media\/39443"}],"wp:attachment":[{"href":"https:\/\/contraluzcucuta.co\/index.php?rest_route=%2Fwp%2Fv2%2Fmedia&parent=39438"}],"wp:term":[{"taxonomy":"category","embeddable":true,"href":"https:\/\/contraluzcucuta.co\/index.php?rest_route=%2Fwp%2Fv2%2Fcategories&post=39438"},{"taxonomy":"post_tag","embeddable":true,"href":"https:\/\/contraluzcucuta.co\/index.php?rest_route=%2Fwp%2Fv2%2Ftags&post=39438"}],"curies":[{"name":"wp","href":"https:\/\/api.w.org\/{rel}","templated":true}]}}