{"id":39427,"date":"2023-10-24T20:00:42","date_gmt":"2023-10-25T01:00:42","guid":{"rendered":"https:\/\/contraluzcucuta.co\/?p=39427"},"modified":"2023-10-24T20:00:42","modified_gmt":"2023-10-25T01:00:42","slug":"tres-anos-despues-no-buscamos-panitos-de-agua-tibia-para-el-23-de-enero-jairo-yanez","status":"publish","type":"post","link":"https:\/\/contraluzcucuta.co\/?p=39427","title":{"rendered":"TRES A\u00d1OS DESPU\u00c9S. No buscamos pa\u00f1itos de agua tibia para el 23 de Enero: Jairo Y\u00e1\u00f1ez"},"content":{"rendered":"<p style=\"padding-left: 40px; text-align: right;\"><strong><span style=\"color: #ff9900;\">C\u00daCUTA.- A escasas semanas de cumplir el tercer a\u00f1o de la creciente s\u00fabita de la quebrada Tonchal\u00e1, las 105 familias afectadas a\u00fan no encuentran soluci\u00f3n a los problemas ocasionados por esa avenida torrencial. El 17 de noviembre de 2020 perdieron viviendas y enseres, y hoy, a pesar de que la Alcald\u00eda atendi\u00f3 la emergencia con obras de mitigaci\u00f3n, todav\u00eda afrontan dificultades.<\/span><\/strong><\/p>\n<p>Ante la situaci\u00f3n reportada, el alcalde Jairo Y\u00e1\u00f1ez, el secretario de gesti\u00f3n del riesgo Hubert Plaza y l\u00edderes de la comunidad viajaron a Bogot\u00e1 y en Mesa T\u00e9cnica, reunida en la sede la Unidad Nacional de Gesti\u00f3n del Riesgo (UNGRD), definieron la hoja de ruta para atender los compromisos y la asistencia econ\u00f3mica pendientes.<\/p>\n<p>\u201cNo descansaremos hasta encontrar una soluci\u00f3n real y definitiva ante esta problem\u00e1tica, por eso estuvimos acompa\u00f1ando y proponiendo alternativas\u201d, dijo Y\u00e1\u00f1ez al final de la reuni\u00f3n.<\/p>\n<p><a href=\"https:\/\/contraluzcucuta.co\/wp-content\/uploads\/2023\/10\/QUEBRADA-TONCHALA-4.jpeg\"><img loading=\"lazy\" decoding=\"async\" class=\"alignnone size-medium wp-image-39429 alignleft\" src=\"https:\/\/contraluzcucuta.co\/wp-content\/uploads\/2023\/10\/QUEBRADA-TONCHALA-4-300x225.jpeg\" alt=\"\" width=\"300\" height=\"225\" srcset=\"https:\/\/contraluzcucuta.co\/wp-content\/uploads\/2023\/10\/QUEBRADA-TONCHALA-4-300x225.jpeg 300w, https:\/\/contraluzcucuta.co\/wp-content\/uploads\/2023\/10\/QUEBRADA-TONCHALA-4-600x450.jpeg 600w, https:\/\/contraluzcucuta.co\/wp-content\/uploads\/2023\/10\/QUEBRADA-TONCHALA-4-768x576.jpeg 768w, https:\/\/contraluzcucuta.co\/wp-content\/uploads\/2023\/10\/QUEBRADA-TONCHALA-4.jpeg 1024w\" sizes=\"auto, (max-width: 300px) 100vw, 300px\" \/><\/a><\/p>\n<p>Entre los compromisos asumidos en la Mesa T\u00e9cnica destacan:<\/p>\n<ul>\n<li>Abordar el desarrollo del programa de vivienda, encabezado por el Gobierno con apoyo de la Alcald\u00eda, para atender el problema.<\/li>\n<li>El 17 de noviembre, visitar\u00e1n la ciudad funcionarios de la Unidad Nacional de Gesti\u00f3n del Riesgo para revisar varios lotes de terreno como alternativas de soluci\u00f3n al problema.<\/li>\n<\/ul>\n<p>\u201cNo buscamos pa\u00f1itos de agua tibia para esta comunidad del 23 de Enero, sino mejorar sus condiciones de manera significativa tras el fen\u00f3meno natural\u201d, puntualiz\u00f3 el alcalde Y\u00e1\u00f1ez. El caudal de la quebrada Tonchal\u00e1 afect\u00f3 a la comunidad del 23 de Enero que, tras la intervenci\u00f3n oficial, se encuentra bajo control en \u00e9pocas de lluvias.<\/p>\n<p>La administraci\u00f3n municipal ha acompa\u00f1ado a la comunidad y ha intercedido para que desde la Unidad Nacional de Gesti\u00f3n del Riesgo se paguen los c\u00e1nones de arriendo para las familias, cuyos atrasos han originado protestas.<\/p>\n","protected":false},"excerpt":{"rendered":"<p>C\u00daCUTA.- A escasas semanas de cumplir el tercer a\u00f1o de la creciente s\u00fabita de la quebrada Tonchal\u00e1, las 105 familias afectadas a\u00fan no encuentran soluci\u00f3n a los problemas ocasionados por esa avenida torrencial. El 17 de noviembre de 2020 perdieron viviendas y enseres, y hoy, a pesar de que la Alcald\u00eda atendi\u00f3 la emergencia con &hellip;<\/p>\n","protected":false},"author":1,"featured_media":39428,"comment_status":"open","ping_status":"open","sticky":false,"template":"","format":"standard","meta":{"footnotes":""},"categories":[2625,4],"tags":[226,5783,5229],"class_list":["post-39427","post","type-post","status-publish","format-standard","has-post-thumbnail","hentry","category-alcaldia-de-cucuta","category-barra","tag-alcaldia-de-cucuta","tag-barrio-23-de-enero","tag-quebrada-tonchala"],"_links":{"self":[{"href":"https:\/\/contraluzcucuta.co\/index.php?rest_route=\/wp\/v2\/posts\/39427","targetHints":{"allow":["GET"]}}],"collection":[{"href":"https:\/\/contraluzcucuta.co\/index.php?rest_route=\/wp\/v2\/posts"}],"about":[{"href":"https:\/\/contraluzcucuta.co\/index.php?rest_route=\/wp\/v2\/types\/post"}],"author":[{"embeddable":true,"href":"https:\/\/contraluzcucuta.co\/index.php?rest_route=\/wp\/v2\/users\/1"}],"replies":[{"embeddable":true,"href":"https:\/\/contraluzcucuta.co\/index.php?rest_route=%2Fwp%2Fv2%2Fcomments&post=39427"}],"version-history":[{"count":1,"href":"https:\/\/contraluzcucuta.co\/index.php?rest_route=\/wp\/v2\/posts\/39427\/revisions"}],"predecessor-version":[{"id":39430,"href":"https:\/\/contraluzcucuta.co\/index.php?rest_route=\/wp\/v2\/posts\/39427\/revisions\/39430"}],"wp:featuredmedia":[{"embeddable":true,"href":"https:\/\/contraluzcucuta.co\/index.php?rest_route=\/wp\/v2\/media\/39428"}],"wp:attachment":[{"href":"https:\/\/contraluzcucuta.co\/index.php?rest_route=%2Fwp%2Fv2%2Fmedia&parent=39427"}],"wp:term":[{"taxonomy":"category","embeddable":true,"href":"https:\/\/contraluzcucuta.co\/index.php?rest_route=%2Fwp%2Fv2%2Fcategories&post=39427"},{"taxonomy":"post_tag","embeddable":true,"href":"https:\/\/contraluzcucuta.co\/index.php?rest_route=%2Fwp%2Fv2%2Ftags&post=39427"}],"curies":[{"name":"wp","href":"https:\/\/api.w.org\/{rel}","templated":true}]}}