{"id":39420,"date":"2023-10-23T19:24:22","date_gmt":"2023-10-24T00:24:22","guid":{"rendered":"https:\/\/contraluzcucuta.co\/?p=39420"},"modified":"2023-10-23T19:24:22","modified_gmt":"2023-10-24T00:24:22","slug":"reconocimiento-federacion-de-cafeteros-exalta-apoyo-de-gobernador-serrano","status":"publish","type":"post","link":"https:\/\/contraluzcucuta.co\/?p=39420","title":{"rendered":"RECONOCIMIENTO. Federaci\u00f3n de Cafeteros exalta apoyo de gobernador Serrano"},"content":{"rendered":"<p style=\"padding-left: 40px; text-align: right;\"><strong><span style=\"color: #ff9900;\">BOGOT\u00c1.- El compromiso y el apoyo brindado a las familias cafeteras le valieron al gobernador Silvano Serrano para recibir el reconocimiento de la Federaci\u00f3n Nacional de Cafeteros. La exaltaci\u00f3n del gremio la recibi\u00f3 en la presentaci\u00f3n oficial de la feria Caf\u00e9s de Colombia Expo 2023.<\/span><\/strong><\/p>\n<p><a href=\"https:\/\/contraluzcucuta.co\/wp-content\/uploads\/2023\/10\/CAFETEROS-GOBERNADOR-2.jpg\"><img loading=\"lazy\" decoding=\"async\" class=\"alignnone size-medium wp-image-39422 alignleft\" src=\"https:\/\/contraluzcucuta.co\/wp-content\/uploads\/2023\/10\/CAFETEROS-GOBERNADOR-2-300x200.jpg\" alt=\"\" width=\"300\" height=\"200\" srcset=\"https:\/\/contraluzcucuta.co\/wp-content\/uploads\/2023\/10\/CAFETEROS-GOBERNADOR-2-300x200.jpg 300w, https:\/\/contraluzcucuta.co\/wp-content\/uploads\/2023\/10\/CAFETEROS-GOBERNADOR-2-600x400.jpg 600w, https:\/\/contraluzcucuta.co\/wp-content\/uploads\/2023\/10\/CAFETEROS-GOBERNADOR-2-1024x682.jpg 1024w, https:\/\/contraluzcucuta.co\/wp-content\/uploads\/2023\/10\/CAFETEROS-GOBERNADOR-2-768x511.jpg 768w, https:\/\/contraluzcucuta.co\/wp-content\/uploads\/2023\/10\/CAFETEROS-GOBERNADOR-2.jpg 1440w\" sizes=\"auto, (max-width: 300px) 100vw, 300px\" \/><\/a><\/p>\n<p>La FNC reconoci\u00f3 el trabajo del Gobernador en favor de la caficultura del departamento y el respaldo al proyecto Restauraci\u00f3n de la Caficultura de Norte de Santander.<\/p>\n<p>El Comit\u00e9 Departamental de Cafeteros y la Gobernaci\u00f3n aunaron esfuerzos para beneficiar a m\u00e1s de 3000 caficultores y les entregaron bolsas, chapolas, an\u00e1lisis de suelo, forestales, enmiendas, fertilizantes, talleres y asistencia t\u00e9cnica.<\/p>\n<p>En la feria se dan a conocer los caf\u00e9s especiales que se producen en las regiones del pa\u00eds y se exalta el trabajo articulado entre los comit\u00e9s departamentales y las gobernaciones de Norte de Santander, Cauca, Huila, Quind\u00edo, Valle del Cauca, Caldas, Cundinamarca y Tolima.<\/p>\n","protected":false},"excerpt":{"rendered":"<p>BOGOT\u00c1.- El compromiso y el apoyo brindado a las familias cafeteras le valieron al gobernador Silvano Serrano para recibir el reconocimiento de la Federaci\u00f3n Nacional de Cafeteros. La exaltaci\u00f3n del gremio la recibi\u00f3 en la presentaci\u00f3n oficial de la feria Caf\u00e9s de Colombia Expo 2023. La FNC reconoci\u00f3 el trabajo del Gobernador en favor de &hellip;<\/p>\n","protected":false},"author":1,"featured_media":39421,"comment_status":"open","ping_status":"open","sticky":false,"template":"","format":"standard","meta":{"footnotes":""},"categories":[4,2630],"tags":[5781,5463,4748],"class_list":["post-39420","post","type-post","status-publish","format-standard","has-post-thumbnail","hentry","category-barra","category-gobernacion","tag-cafes-de-colombia-expo-2023","tag-federacion-de-cafeteros","tag-gobernador-silvano-serrano"],"_links":{"self":[{"href":"https:\/\/contraluzcucuta.co\/index.php?rest_route=\/wp\/v2\/posts\/39420","targetHints":{"allow":["GET"]}}],"collection":[{"href":"https:\/\/contraluzcucuta.co\/index.php?rest_route=\/wp\/v2\/posts"}],"about":[{"href":"https:\/\/contraluzcucuta.co\/index.php?rest_route=\/wp\/v2\/types\/post"}],"author":[{"embeddable":true,"href":"https:\/\/contraluzcucuta.co\/index.php?rest_route=\/wp\/v2\/users\/1"}],"replies":[{"embeddable":true,"href":"https:\/\/contraluzcucuta.co\/index.php?rest_route=%2Fwp%2Fv2%2Fcomments&post=39420"}],"version-history":[{"count":1,"href":"https:\/\/contraluzcucuta.co\/index.php?rest_route=\/wp\/v2\/posts\/39420\/revisions"}],"predecessor-version":[{"id":39423,"href":"https:\/\/contraluzcucuta.co\/index.php?rest_route=\/wp\/v2\/posts\/39420\/revisions\/39423"}],"wp:featuredmedia":[{"embeddable":true,"href":"https:\/\/contraluzcucuta.co\/index.php?rest_route=\/wp\/v2\/media\/39421"}],"wp:attachment":[{"href":"https:\/\/contraluzcucuta.co\/index.php?rest_route=%2Fwp%2Fv2%2Fmedia&parent=39420"}],"wp:term":[{"taxonomy":"category","embeddable":true,"href":"https:\/\/contraluzcucuta.co\/index.php?rest_route=%2Fwp%2Fv2%2Fcategories&post=39420"},{"taxonomy":"post_tag","embeddable":true,"href":"https:\/\/contraluzcucuta.co\/index.php?rest_route=%2Fwp%2Fv2%2Ftags&post=39420"}],"curies":[{"name":"wp","href":"https:\/\/api.w.org\/{rel}","templated":true}]}}