{"id":39369,"date":"2023-10-20T04:36:23","date_gmt":"2023-10-20T09:36:23","guid":{"rendered":"https:\/\/contraluzcucuta.co\/?p=39369"},"modified":"2023-10-20T04:37:17","modified_gmt":"2023-10-20T09:37:17","slug":"relevo-en-la-esap-fabio-torres-nuevo-director-de-la-territorial-norte-de-santander-y-arauca","status":"publish","type":"post","link":"https:\/\/contraluzcucuta.co\/?p=39369","title":{"rendered":"RELEVO EN LA ESAP. Fabio Torres, nuevo director de la Territorial Norte de Santander y Arauca"},"content":{"rendered":"<p style=\"padding-left: 40px; text-align: right;\"><strong><span style=\"color: #ff9900;\">C\u00daCUTA.- El polit\u00f3logo Fabio Torres Parada asumi\u00f3 la direcci\u00f3n de la Escuela Superior de Administraci\u00f3n P\u00fablica (ESAP) Territorial Norte de Santander y Arauca. Desde noviembre de 2022, el cargo estaba ac\u00e9falo.<\/span><\/strong><\/p>\n<p>Meses atr\u00e1s fue escogido por los gobernadores de Norte de Santander, Silvano Serrano Guerrero, y de Arauca, Wilinton Rodr\u00edguez Benavidez.<\/p>\n<p><a href=\"https:\/\/contraluzcucuta.co\/wp-content\/uploads\/2023\/10\/FABIO-TORRES-ESAP-2.jpeg\"><img loading=\"lazy\" decoding=\"async\" class=\"alignnone size-medium wp-image-39371 alignleft\" src=\"https:\/\/contraluzcucuta.co\/wp-content\/uploads\/2023\/10\/FABIO-TORRES-ESAP-2-169x300.jpeg\" alt=\"\" width=\"169\" height=\"300\" srcset=\"https:\/\/contraluzcucuta.co\/wp-content\/uploads\/2023\/10\/FABIO-TORRES-ESAP-2-169x300.jpeg 169w, https:\/\/contraluzcucuta.co\/wp-content\/uploads\/2023\/10\/FABIO-TORRES-ESAP-2.jpeg 576w\" sizes=\"auto, (max-width: 169px) 100vw, 169px\" \/><\/a><\/p>\n<p>Torres Parada es polit\u00f3logo de la Universidad Nacional de Colombia, especialista en Alta Gerencia de la Universidad Libre, Magister en Gobierno y Pol\u00edticas P\u00fablicas de la Universidad Externado de Colombia y candidato a doctor en desarrollo sostenible de la Universidad de Manizales.<\/p>\n<p>Fue director ejecutivo de la Escuela de Gesti\u00f3n P\u00fablica y Participaci\u00f3n Ciudadana de Norte de Santander y ha desarrollado proyectos como el Plan de Ordenaci\u00f3n y Manejo del R\u00edo Pamplonita, el Plan de Energizaci\u00f3n Rural. Quince a\u00f1os como docente, consultor, asesor y director de entidades p\u00fablicas y privadas nacionales y departamentales.<\/p>\n<p>Consultor de proyectos educativos\u00a0 y de investigaci\u00f3n, y profesor, experiencias que le permiten dar un manejo pertinente y con prop\u00f3sito a la ESAP desde su llegada.<\/p>\n","protected":false},"excerpt":{"rendered":"<p>C\u00daCUTA.- El polit\u00f3logo Fabio Torres Parada asumi\u00f3 la direcci\u00f3n de la Escuela Superior de Administraci\u00f3n P\u00fablica (ESAP) Territorial Norte de Santander y Arauca. Desde noviembre de 2022, el cargo estaba ac\u00e9falo. Meses atr\u00e1s fue escogido por los gobernadores de Norte de Santander, Silvano Serrano Guerrero, y de Arauca, Wilinton Rodr\u00edguez Benavidez. Torres Parada es polit\u00f3logo &hellip;<\/p>\n","protected":false},"author":1,"featured_media":39370,"comment_status":"open","ping_status":"open","sticky":false,"template":"","format":"standard","meta":{"footnotes":""},"categories":[4,6],"tags":[234,5769],"class_list":["post-39369","post","type-post","status-publish","format-standard","has-post-thumbnail","hentry","category-barra","category-ojo-avizor","tag-esap","tag-fabio-torres"],"_links":{"self":[{"href":"https:\/\/contraluzcucuta.co\/index.php?rest_route=\/wp\/v2\/posts\/39369","targetHints":{"allow":["GET"]}}],"collection":[{"href":"https:\/\/contraluzcucuta.co\/index.php?rest_route=\/wp\/v2\/posts"}],"about":[{"href":"https:\/\/contraluzcucuta.co\/index.php?rest_route=\/wp\/v2\/types\/post"}],"author":[{"embeddable":true,"href":"https:\/\/contraluzcucuta.co\/index.php?rest_route=\/wp\/v2\/users\/1"}],"replies":[{"embeddable":true,"href":"https:\/\/contraluzcucuta.co\/index.php?rest_route=%2Fwp%2Fv2%2Fcomments&post=39369"}],"version-history":[{"count":1,"href":"https:\/\/contraluzcucuta.co\/index.php?rest_route=\/wp\/v2\/posts\/39369\/revisions"}],"predecessor-version":[{"id":39372,"href":"https:\/\/contraluzcucuta.co\/index.php?rest_route=\/wp\/v2\/posts\/39369\/revisions\/39372"}],"wp:featuredmedia":[{"embeddable":true,"href":"https:\/\/contraluzcucuta.co\/index.php?rest_route=\/wp\/v2\/media\/39370"}],"wp:attachment":[{"href":"https:\/\/contraluzcucuta.co\/index.php?rest_route=%2Fwp%2Fv2%2Fmedia&parent=39369"}],"wp:term":[{"taxonomy":"category","embeddable":true,"href":"https:\/\/contraluzcucuta.co\/index.php?rest_route=%2Fwp%2Fv2%2Fcategories&post=39369"},{"taxonomy":"post_tag","embeddable":true,"href":"https:\/\/contraluzcucuta.co\/index.php?rest_route=%2Fwp%2Fv2%2Ftags&post=39369"}],"curies":[{"name":"wp","href":"https:\/\/api.w.org\/{rel}","templated":true}]}}