{"id":39365,"date":"2023-10-20T04:22:46","date_gmt":"2023-10-20T09:22:46","guid":{"rendered":"https:\/\/contraluzcucuta.co\/?p=39365"},"modified":"2023-10-20T04:23:07","modified_gmt":"2023-10-20T09:23:07","slug":"camara-de-comercio-20-empresarios-participan-en-la-feria-cafe-de-colombia-expo","status":"publish","type":"post","link":"https:\/\/contraluzcucuta.co\/?p=39365","title":{"rendered":"C\u00c1MARA DE COMERCIO.- 20 empresarios participan en la feria Caf\u00e9 de Colombia Expo"},"content":{"rendered":"<p style=\"padding-left: 40px; text-align: right;\"><strong><span style=\"color: #ff9900;\">C\u00daCUTA.- Los caficultores de la regi\u00f3n asisten respaldados por la C\u00e1mara de Comercio de C\u00facuta. El encuentro latinoamericano es el m\u00e1s importante para la industria cafetera y se desarrollar\u00e1 en Bogot\u00e1, hasta el 22 de octubre.<\/span><\/strong><\/p>\n<p>La entidad gremial trabaj\u00f3 en equipo con un sector que crece y destaca en el exterior por la calidad del producto y la dedicaci\u00f3n de los caficultores.<\/p>\n<p>Caf\u00e9s de Colombia Expo es la feria de caf\u00e9s especiales m\u00e1s importante del pa\u00eds e integra la cadena de valor del grano. Ofrece escenarios para exponer y dar a conocer las tendencias e innovaciones de los mercados nacionales e internacionales.<\/p>\n<p>Este encuentro cuenta con actividades acad\u00e9micas, comerciales y culturales, para propiciar el constante intercambio de conocimiento entre los participantes, el establecimiento de contactos y la puesta en marcha de negocios que permiten posicionar las marcas y dejar en alto el caf\u00e9 colombiano.<\/p>\n","protected":false},"excerpt":{"rendered":"<p>C\u00daCUTA.- Los caficultores de la regi\u00f3n asisten respaldados por la C\u00e1mara de Comercio de C\u00facuta. El encuentro latinoamericano es el m\u00e1s importante para la industria cafetera y se desarrollar\u00e1 en Bogot\u00e1, hasta el 22 de octubre. La entidad gremial trabaj\u00f3 en equipo con un sector que crece y destaca en el exterior por la calidad &hellip;<\/p>\n","protected":false},"author":1,"featured_media":39366,"comment_status":"open","ping_status":"open","sticky":false,"template":"","format":"standard","meta":{"footnotes":""},"categories":[4,36],"tags":[2739,375,5462],"class_list":["post-39365","post","type-post","status-publish","format-standard","has-post-thumbnail","hentry","category-barra","category-la-voz-del-pueblo","tag-caficultores-en-norte-de-santander","tag-camara-de-comercio-de-cucuta","tag-comite-de-cafeteros"],"_links":{"self":[{"href":"https:\/\/contraluzcucuta.co\/index.php?rest_route=\/wp\/v2\/posts\/39365","targetHints":{"allow":["GET"]}}],"collection":[{"href":"https:\/\/contraluzcucuta.co\/index.php?rest_route=\/wp\/v2\/posts"}],"about":[{"href":"https:\/\/contraluzcucuta.co\/index.php?rest_route=\/wp\/v2\/types\/post"}],"author":[{"embeddable":true,"href":"https:\/\/contraluzcucuta.co\/index.php?rest_route=\/wp\/v2\/users\/1"}],"replies":[{"embeddable":true,"href":"https:\/\/contraluzcucuta.co\/index.php?rest_route=%2Fwp%2Fv2%2Fcomments&post=39365"}],"version-history":[{"count":2,"href":"https:\/\/contraluzcucuta.co\/index.php?rest_route=\/wp\/v2\/posts\/39365\/revisions"}],"predecessor-version":[{"id":39368,"href":"https:\/\/contraluzcucuta.co\/index.php?rest_route=\/wp\/v2\/posts\/39365\/revisions\/39368"}],"wp:featuredmedia":[{"embeddable":true,"href":"https:\/\/contraluzcucuta.co\/index.php?rest_route=\/wp\/v2\/media\/39366"}],"wp:attachment":[{"href":"https:\/\/contraluzcucuta.co\/index.php?rest_route=%2Fwp%2Fv2%2Fmedia&parent=39365"}],"wp:term":[{"taxonomy":"category","embeddable":true,"href":"https:\/\/contraluzcucuta.co\/index.php?rest_route=%2Fwp%2Fv2%2Fcategories&post=39365"},{"taxonomy":"post_tag","embeddable":true,"href":"https:\/\/contraluzcucuta.co\/index.php?rest_route=%2Fwp%2Fv2%2Ftags&post=39365"}],"curies":[{"name":"wp","href":"https:\/\/api.w.org\/{rel}","templated":true}]}}