{"id":39355,"date":"2023-10-18T16:05:47","date_gmt":"2023-10-18T21:05:47","guid":{"rendered":"https:\/\/contraluzcucuta.co\/?p=39355"},"modified":"2023-10-18T16:05:47","modified_gmt":"2023-10-18T21:05:47","slug":"cronologia-140-dias-duro-la-emergencia-en-el-tarrita","status":"publish","type":"post","link":"https:\/\/contraluzcucuta.co\/?p=39355","title":{"rendered":"CRONOLOG\u00cdA. 140 d\u00edas dur\u00f3 la emergencia en El Tarrita"},"content":{"rendered":"<p style=\"padding-left: 40px; text-align: right;\"><strong><span style=\"color: #ff9900;\">TIB\u00da \u2013 Norte de Santander.- Desde el primer d\u00eda de la emergencia en El Tarrita (31 de mayo) el Inv\u00edas hizo presencia y luego de la inspecci\u00f3n se establecieron tres puntos cr\u00edticos en la zona:<\/span><\/strong><\/p>\n<ul>\n<li>Km 47 + 500 al km 48, donde la v\u00eda se afect\u00f3 en 500 metros lineales y da\u00f1\u00f3 un puente de 14 metros.<\/li>\n<li>Km 49, donde hubo 300 metros afectados por la cantidad de lodo que cay\u00f3 sobre la v\u00eda y en donde tambi\u00e9n se afect\u00f3 un puente de 11 metros.<\/li>\n<li>Km 51 a km 52 (1000 metros lineales). Lugar que, tras la primera inspecci\u00f3n, tuvo mayores inconvenientes, porque, adem\u00e1s del alud de tierra, tambi\u00e9n sufri\u00f3 afectaciones un puente de 60 metros.<\/li>\n<\/ul>\n<p>La ruta alterna fue: C\u00facuta &#8211; Pamplona &#8211; Bucaramanga &#8211; Aguachica -Oca\u00f1a.<\/p>\n<p><a href=\"https:\/\/contraluzcucuta.co\/wp-content\/uploads\/2023\/10\/EL-TARRITA-32.jpg\"><img loading=\"lazy\" decoding=\"async\" class=\"size-medium wp-image-39357 alignleft\" src=\"https:\/\/contraluzcucuta.co\/wp-content\/uploads\/2023\/10\/EL-TARRITA-32-300x169.jpg\" alt=\"\" width=\"300\" height=\"169\" srcset=\"https:\/\/contraluzcucuta.co\/wp-content\/uploads\/2023\/10\/EL-TARRITA-32-300x169.jpg 300w, https:\/\/contraluzcucuta.co\/wp-content\/uploads\/2023\/10\/EL-TARRITA-32-600x338.jpg 600w, https:\/\/contraluzcucuta.co\/wp-content\/uploads\/2023\/10\/EL-TARRITA-32-1024x576.jpg 1024w, https:\/\/contraluzcucuta.co\/wp-content\/uploads\/2023\/10\/EL-TARRITA-32-768x432.jpg 768w, https:\/\/contraluzcucuta.co\/wp-content\/uploads\/2023\/10\/EL-TARRITA-32.jpg 1200w\" sizes=\"auto, (max-width: 300px) 100vw, 300px\" \/><\/a><\/p>\n<p>La cronolog\u00eda de la atenci\u00f3n a la emergencia es la siguiente:<\/p>\n<p><strong>23 de julio.<\/strong> Inv\u00edas rechaz\u00f3 al ataque perpetrado por hombres armados, que dispararon contra un veh\u00edculo en el que se movilizaba personal de la entidad que labora en la v\u00eda Oca\u00f1a &#8211; Sardinata \u2013 C\u00facuta.<\/p>\n<p><strong>1 de agosto<\/strong>. Se llev\u00f3 a cabo el Puesto de Mando Unificado (PMU), en el que Inv\u00edas dej\u00f3 ver el compromiso y el cronograma con el fin de restablecer el tr\u00e1nsito en la zona y recuperar la econom\u00eda.<\/p>\n<p><strong>4 de agosto<\/strong>. Inv\u00edas despej\u00f3 5 kil\u00f3metros que hab\u00edan sido cubiertos de lodo en la v\u00eda.<\/p>\n<p><strong>15 de agosto<\/strong>. Se desplazaron hacia la zona de la emergencia los dos puentes met\u00e1licos. Se ejecutaron obras de excavaci\u00f3n para dar comienzo a la instalaci\u00f3n de geotextiles, que buscaron que no se presente alguna laguna debido a que el r\u00edo subi\u00f3 su caudal, principalmente en los d\u00edas de lluvia. Continuaron actividades en los tres frentes de obra de la emergencia:<\/p>\n<ul>\n<li>Km 47 + 528, sector El Paramillo<\/li>\n<li>Km 49 + 296, sector El Turco<\/li>\n<li>Km 51 +920, sector El Tarrita, lugar donde colaps\u00f3 un puente de 60 metros.<\/li>\n<\/ul>\n<p><a href=\"https:\/\/contraluzcucuta.co\/wp-content\/uploads\/2023\/10\/EL-TARRITA-27-scaled.jpeg\"><img loading=\"lazy\" decoding=\"async\" class=\"alignnone size-medium wp-image-39358 alignleft\" src=\"https:\/\/contraluzcucuta.co\/wp-content\/uploads\/2023\/10\/EL-TARRITA-27-300x168.jpeg\" alt=\"\" width=\"300\" height=\"168\" srcset=\"https:\/\/contraluzcucuta.co\/wp-content\/uploads\/2023\/10\/EL-TARRITA-27-300x168.jpeg 300w, https:\/\/contraluzcucuta.co\/wp-content\/uploads\/2023\/10\/EL-TARRITA-27-600x337.jpeg 600w, https:\/\/contraluzcucuta.co\/wp-content\/uploads\/2023\/10\/EL-TARRITA-27-1024x575.jpeg 1024w, https:\/\/contraluzcucuta.co\/wp-content\/uploads\/2023\/10\/EL-TARRITA-27-768x431.jpeg 768w, https:\/\/contraluzcucuta.co\/wp-content\/uploads\/2023\/10\/EL-TARRITA-27-1536x863.jpeg 1536w, https:\/\/contraluzcucuta.co\/wp-content\/uploads\/2023\/10\/EL-TARRITA-27-2048x1150.jpeg 2048w\" sizes=\"auto, (max-width: 300px) 100vw, 300px\" \/><\/a><\/p>\n<p><strong>22 de agosto<\/strong>. Llegaron a El Tarrita los dos puentes met\u00e1licos.<\/p>\n<p><strong>5 de septiembre<\/strong>. Se habilit\u00f3 paso por el puente met\u00e1lico sector El Turco tras superar pruebas de carga.<\/p>\n<p><strong>9 de septiembre<\/strong>. Las obras para superar la emergencia avanzaban en 75 %.<\/p>\n<p><strong>15 de septiembre<\/strong>. Inv\u00edas avanza en instalaci\u00f3n de geocontenedores para evitar lagunas generadas por el r\u00edo en El Tarrita.<\/p>\n<p><strong>30 de septiembre.<\/strong> Debido a fuertes precipitaciones se posterga habilitaci\u00f3n de v\u00eda en El Tarrita.<\/p>\n<p><strong>4 de octubre<\/strong>. Termina la instalaci\u00f3n del segundo puente met\u00e1lico en El Tarrita.<\/p>\n<p><strong>11 de octubre<\/strong>. Inv\u00edas finaliza obras de tuber\u00eda en El Tarrita.<\/p>\n<p><strong>17 de octubre<\/strong>. Se habilita paso para todo tipo de veh\u00edculos en el puente met\u00e1lico.<\/p>\n","protected":false},"excerpt":{"rendered":"<p>TIB\u00da \u2013 Norte de Santander.- Desde el primer d\u00eda de la emergencia en El Tarrita (31 de mayo) el Inv\u00edas hizo presencia y luego de la inspecci\u00f3n se establecieron tres puntos cr\u00edticos en la zona: Km 47 + 500 al km 48, donde la v\u00eda se afect\u00f3 en 500 metros lineales y da\u00f1\u00f3 un puente &hellip;<\/p>\n","protected":false},"author":1,"featured_media":39356,"comment_status":"open","ping_status":"open","sticky":false,"template":"","format":"standard","meta":{"footnotes":""},"categories":[4,32],"tags":[5704,393],"class_list":["post-39355","post","type-post","status-publish","format-standard","has-post-thumbnail","hentry","category-barra","category-recorrido-por-la-region","tag-emergencia-en-el-tarrita","tag-invias"],"_links":{"self":[{"href":"https:\/\/contraluzcucuta.co\/index.php?rest_route=\/wp\/v2\/posts\/39355","targetHints":{"allow":["GET"]}}],"collection":[{"href":"https:\/\/contraluzcucuta.co\/index.php?rest_route=\/wp\/v2\/posts"}],"about":[{"href":"https:\/\/contraluzcucuta.co\/index.php?rest_route=\/wp\/v2\/types\/post"}],"author":[{"embeddable":true,"href":"https:\/\/contraluzcucuta.co\/index.php?rest_route=\/wp\/v2\/users\/1"}],"replies":[{"embeddable":true,"href":"https:\/\/contraluzcucuta.co\/index.php?rest_route=%2Fwp%2Fv2%2Fcomments&post=39355"}],"version-history":[{"count":1,"href":"https:\/\/contraluzcucuta.co\/index.php?rest_route=\/wp\/v2\/posts\/39355\/revisions"}],"predecessor-version":[{"id":39359,"href":"https:\/\/contraluzcucuta.co\/index.php?rest_route=\/wp\/v2\/posts\/39355\/revisions\/39359"}],"wp:featuredmedia":[{"embeddable":true,"href":"https:\/\/contraluzcucuta.co\/index.php?rest_route=\/wp\/v2\/media\/39356"}],"wp:attachment":[{"href":"https:\/\/contraluzcucuta.co\/index.php?rest_route=%2Fwp%2Fv2%2Fmedia&parent=39355"}],"wp:term":[{"taxonomy":"category","embeddable":true,"href":"https:\/\/contraluzcucuta.co\/index.php?rest_route=%2Fwp%2Fv2%2Fcategories&post=39355"},{"taxonomy":"post_tag","embeddable":true,"href":"https:\/\/contraluzcucuta.co\/index.php?rest_route=%2Fwp%2Fv2%2Ftags&post=39355"}],"curies":[{"name":"wp","href":"https:\/\/api.w.org\/{rel}","templated":true}]}}