{"id":39351,"date":"2023-10-18T15:59:17","date_gmt":"2023-10-18T20:59:17","guid":{"rendered":"https:\/\/contraluzcucuta.co\/?p=39351"},"modified":"2023-10-18T15:59:38","modified_gmt":"2023-10-18T20:59:38","slug":"fenalco-propone-a-candidatos-a-la-alcaldia-crear-secretaria-de-comercio","status":"publish","type":"post","link":"https:\/\/contraluzcucuta.co\/?p=39351","title":{"rendered":"FENALCO. Propone a candidatos a la Alcald\u00eda crear Secretar\u00eda de Comercio"},"content":{"rendered":"<p style=\"padding-left: 40px; text-align: right;\"><strong><span style=\"color: #ff9900;\">C\u00daCUTA.- El despacho, seg\u00fan la Federaci\u00f3n de Comerciantes, servir\u00eda como plataforma para el impulso de negocios, el incremento de la base econ\u00f3mica de la ciudad y el desarrollo de pol\u00edticas p\u00fablicas que permitan el fortalecimiento de lo que hasta hoy ha generado el bienestar municipal.<\/span><\/strong><\/p>\n<p>Fenalco auspici\u00f3, ayer, el foro con los candidatos a la Alcald\u00eda, organizado por La Opini\u00f3n y RCN. Ahora, el gremio revisa con especial cuidado las propuestas en torno a mejorar la seguridad en la ciudad y a desarrollar estrategias que permitan avanzar en las alternativas de empleo decente para mejorar el tejido social de las familias cucute\u00f1as.<\/p>\n<p>\u201cEstos dos grandes problemas est\u00e1n haciendo que muchos j\u00f3venes salgan de la ciudad por falta de oportunidades y ahuyentan a los inversionistas\u201d, dijo Fenalco. Pidi\u00f3 que los candidatos avancen con pol\u00edticas claras y contundentes, estimular a los empresarios que quieran invertir en C\u00facuta y focalizar las actividades econ\u00f3micas que m\u00e1s participan en el producto interno bruto de la capital de Norte de Santander.<\/p>\n<p>\u201cHasta ahora las administraciones municipales han focalizado actividades que no tienen la fuerza que se necesita para generar mucho m\u00e1s progreso, el comercio es uno de ellos\u201d, se\u00f1al\u00f3 el gremio.<\/p>\n<p>Tras invitar a los cucute\u00f1os a escuchar las propuestas y a tomar la mejor decisi\u00f3n el 29 de octubre, la Federaci\u00f3n de Comerciantes dibuj\u00f3 a C\u00facuta como una ciudad que \u201cno ha recibido ni el cari\u00f1o, ni la atenci\u00f3n que se merece, basta ver la malla vial\u201d.<\/p>\n","protected":false},"excerpt":{"rendered":"<p>C\u00daCUTA.- El despacho, seg\u00fan la Federaci\u00f3n de Comerciantes, servir\u00eda como plataforma para el impulso de negocios, el incremento de la base econ\u00f3mica de la ciudad y el desarrollo de pol\u00edticas p\u00fablicas que permitan el fortalecimiento de lo que hasta hoy ha generado el bienestar municipal. Fenalco auspici\u00f3, ayer, el foro con los candidatos a la &hellip;<\/p>\n","protected":false},"author":1,"featured_media":39352,"comment_status":"open","ping_status":"open","sticky":false,"template":"","format":"standard","meta":{"footnotes":""},"categories":[4,9],"tags":[2224,378],"class_list":["post-39351","post","type-post","status-publish","format-standard","has-post-thumbnail","hentry","category-barra","category-politica","tag-candidatos-a-la-alcaldia-de-cucuta","tag-fenalco"],"_links":{"self":[{"href":"https:\/\/contraluzcucuta.co\/index.php?rest_route=\/wp\/v2\/posts\/39351","targetHints":{"allow":["GET"]}}],"collection":[{"href":"https:\/\/contraluzcucuta.co\/index.php?rest_route=\/wp\/v2\/posts"}],"about":[{"href":"https:\/\/contraluzcucuta.co\/index.php?rest_route=\/wp\/v2\/types\/post"}],"author":[{"embeddable":true,"href":"https:\/\/contraluzcucuta.co\/index.php?rest_route=\/wp\/v2\/users\/1"}],"replies":[{"embeddable":true,"href":"https:\/\/contraluzcucuta.co\/index.php?rest_route=%2Fwp%2Fv2%2Fcomments&post=39351"}],"version-history":[{"count":2,"href":"https:\/\/contraluzcucuta.co\/index.php?rest_route=\/wp\/v2\/posts\/39351\/revisions"}],"predecessor-version":[{"id":39354,"href":"https:\/\/contraluzcucuta.co\/index.php?rest_route=\/wp\/v2\/posts\/39351\/revisions\/39354"}],"wp:featuredmedia":[{"embeddable":true,"href":"https:\/\/contraluzcucuta.co\/index.php?rest_route=\/wp\/v2\/media\/39352"}],"wp:attachment":[{"href":"https:\/\/contraluzcucuta.co\/index.php?rest_route=%2Fwp%2Fv2%2Fmedia&parent=39351"}],"wp:term":[{"taxonomy":"category","embeddable":true,"href":"https:\/\/contraluzcucuta.co\/index.php?rest_route=%2Fwp%2Fv2%2Fcategories&post=39351"},{"taxonomy":"post_tag","embeddable":true,"href":"https:\/\/contraluzcucuta.co\/index.php?rest_route=%2Fwp%2Fv2%2Ftags&post=39351"}],"curies":[{"name":"wp","href":"https:\/\/api.w.org\/{rel}","templated":true}]}}